{"id":155965,"date":"2025-11-18T02:07:08","date_gmt":"2025-11-18T02:07:08","guid":{"rendered":"https:\/\/www.europesays.com\/pt\/155965\/"},"modified":"2025-11-18T02:07:08","modified_gmt":"2025-11-18T02:07:08","slug":"marinhense-suspende-treinador-por-alegado-abuso-psicologico","status":"publish","type":"post","link":"https:\/\/www.europesays.com\/pt\/155965\/","title":{"rendered":"Marinhense suspende treinador por alegado abuso psicol\u00f3gico"},"content":{"rendered":"<p data-remotead-prev-elm=\"true\" data-remotead-elm-id=\"inread\">&#8220;A dire\u00e7\u00e3o do Marinhense comunica que deliberou instaurar um processo disciplinar ao treinador da equipa principal, Rui Sacramento e suspender preventivamente o mesmo&#8221;, informou o clube da S\u00e9rie C do Campeonato de Portugal (CP), quarto escal\u00e3o nacional.<\/p>\n<p>De acordo com a imprensa, o Sindicato dos Jogadores Profissionais de Futebol (SJPF) recebeu uma den\u00fancia an\u00f3nima contra Rui Sacramento, que foi acusado de abuso psicol\u00f3gico e racismo por alguns dos jogadores do Marinhense, advers\u00e1rio na quarta eliminat\u00f3ria da Ta\u00e7a de Portugal do Sporting, bicampe\u00e3o nacional e detentor do trof\u00e9u, no s\u00e1bado.<\/p>\n<p>&#8220;Esta decis\u00e3o n\u00e3o constitui uma san\u00e7\u00e3o disciplinar, mas sim uma medida cautelar para garantir a boa instru\u00e7\u00e3o do processo e surge na sequ\u00eancia de um conjunto de relatos, declara\u00e7\u00f5es e acontecimentos recentes que atentam contra o bom nome do Marinhense, a reputa\u00e7\u00e3o e os valores que regem a nossa institui\u00e7\u00e3o centen\u00e1ria&#8221;, admitem os leirienses.<\/p>\n<p data-remotead-prev-elm=\"true\" data-remotead-elm-id=\"centro1\">Antigo guarda-redes de FC Porto B, Feirense, Leix\u00f5es, Arouca e Gil Vicente, entre outros clubes, Rui Sacramento, de 40 anos, ainda n\u00e3o se pronunciou publicamente sobre as acusa\u00e7\u00f5es, numa altura em que treina h\u00e1 oito meses o Marinhense, 12.\u00ba e antepen\u00faltimo classificado da S\u00e9rie C do CP, em zona de despromo\u00e7\u00e3o aos distritais, com nove pontos.<\/p>\n<p>&#8220;O Marinhense sublinha que esta medida visa exclusivamente proteger o clube, os seus profissionais e a estabilidade do seu funcionamento, enquanto todos os factos continuam a ser avaliados internamente&#8221;, acrescentou o clube, mostrando-se comprometido &#8220;com a verdade, transpar\u00eancia e rigor&#8221;, mas sem pretender prejudicar a sua atividade desportiva.<\/p>\n<p>O conjunto da Marinha Grande vai visitar o Sporting no s\u00e1bado, a partir das 18:00, no Est\u00e1dio Jos\u00e9 Alvalade, em Lisboa, em partida da quarta eliminat\u00f3ria da Ta\u00e7a de Portugal.<\/p>\n","protected":false},"excerpt":{"rendered":"&#8220;A dire\u00e7\u00e3o do Marinhense comunica que deliberou instaurar um processo disciplinar ao treinador da equipa principal, Rui Sacramento&hellip;\n","protected":false},"author":2,"featured_media":155966,"comment_status":"","ping_status":"","sticky":false,"template":"","format":"standard","meta":{"footnotes":""},"categories":[87],"tags":[135,8411,32,33,33074,134],"class_list":{"0":"post-155965","1":"post","2":"type-post","3":"status-publish","4":"format-standard","5":"has-post-thumbnail","7":"category-desporto","8":"tag-desporto","9":"tag-marinhense","10":"tag-portugal","11":"tag-pt","12":"tag-rui-sacramento","13":"tag-sports"},"share_on_mastodon":{"url":"https:\/\/pubeurope.com\/@pt\/115568262679125199","error":""},"_links":{"self":[{"href":"https:\/\/www.europesays.com\/pt\/wp-json\/wp\/v2\/posts\/155965","targetHints":{"allow":["GET"]}}],"collection":[{"href":"https:\/\/www.europesays.com\/pt\/wp-json\/wp\/v2\/posts"}],"about":[{"href":"https:\/\/www.europesays.com\/pt\/wp-json\/wp\/v2\/types\/post"}],"author":[{"embeddable":true,"href":"https:\/\/www.europesays.com\/pt\/wp-json\/wp\/v2\/users\/2"}],"replies":[{"embeddable":true,"href":"https:\/\/www.europesays.com\/pt\/wp-json\/wp\/v2\/comments?post=155965"}],"version-history":[{"count":0,"href":"https:\/\/www.europesays.com\/pt\/wp-json\/wp\/v2\/posts\/155965\/revisions"}],"wp:featuredmedia":[{"embeddable":true,"href":"https:\/\/www.europesays.com\/pt\/wp-json\/wp\/v2\/media\/155966"}],"wp:attachment":[{"href":"https:\/\/www.europesays.com\/pt\/wp-json\/wp\/v2\/media?parent=155965"}],"wp:term":[{"taxonomy":"category","embeddable":true,"href":"https:\/\/www.europesays.com\/pt\/wp-json\/wp\/v2\/categories?post=155965"},{"taxonomy":"post_tag","embeddable":true,"href":"https:\/\/www.europesays.com\/pt\/wp-json\/wp\/v2\/tags?post=155965"}],"curies":[{"name":"wp","href":"https:\/\/api.w.org\/{rel}","templated":true}]}}