{"id":155968,"date":"2025-11-18T02:18:24","date_gmt":"2025-11-18T02:18:24","guid":{"rendered":"https:\/\/www.europesays.com\/pt\/155968\/"},"modified":"2025-11-18T02:18:24","modified_gmt":"2025-11-18T02:18:24","slug":"ps-vai-viabilizar-oe-na-especialidade-com-luta-centrada-nas-pensoes-diario-de-noticias","status":"publish","type":"post","link":"https:\/\/www.europesays.com\/pt\/155968\/","title":{"rendered":"PS vai viabilizar OE na especialidade com luta centrada nas pens\u00f5es &#8211; Di\u00e1rio de Not\u00edcias"},"content":{"rendered":"<ol>\n<li><a href=\"https:\/\/news.google.com\/rss\/articles\/CBMinwFBVV95cUxPNjBSZ2JicklaMnBmVm05MzZUM1VhUmhvcGw5cDBpODVWLW5zTjBuNWVfQWlQelFHcHlNSVRNNGx5Y0g1emkxQzBVandBb1UybDhFMF93bUdmWmhiOGRDLVAycVBUWE9JNGJ1NU9MaVVWRTVoYWpkbk5iM1BnU0J2X0NnOHBKOHlQeFYzMmZyT1d3d2k1SDAwTDZYVU92UTg?oc=5\" target=\"_blank\" rel=\"nofollow noopener\">PS vai viabilizar OE na especialidade com luta centrada nas pens\u00f5es<\/a>&nbsp;&nbsp;Di\u00e1rio de Not\u00edcias<\/li>\n<li><a href=\"https:\/\/news.google.com\/rss\/articles\/CBMi9gFBVV95cUxQSXJHdV9RVldteV9MRWFheFEyeENvaEdKY0MzdE9BNkFDMUtWTmhlVUxuaGQydmQ5UmtfSUtJUjNrbDNBX0NRRlNqeEk5VHlxcXFVTUVUNWVsMm96cW1nUkxmWDJyWXhIMjdwMWNSRTVBQXNjT2xFQjcyLWZkNl9TRE1PUFNmUmRWY0k3NzNTcERhQkU1cGxrX01nYlhtUEhxN0t1Ym5CT0h5OENUa0hhN3gwRDQ2dWk4aExxT29fRDBsZGxhRlVTeHpVTXR3enBKWVJCQWdSU2lHTGlhLTB3bmYxOGFLbWc5QnRkUlRQazhGbjdsNmc?oc=5\" target=\"_blank\" rel=\"nofollow noopener\">Restri\u00e7\u00f5es em cargos extintos, jacintos-de-\u00e1gua, amoras e framboesas e santu\u00e1rios: as propostas de altera\u00e7\u00e3o mais &#8216;originais&#8217; do OE2026<\/a>&nbsp;&nbsp;Executive Digest<\/li>\n<li><a href=\"https:\/\/news.google.com\/rss\/articles\/CBMipwFBVV95cUxPTGNfUHA2Y1BqYk1SSDFldlUtbXVLUnVITm1VVVJBQmNmRWh3WWVOMTRMeUNUVmlOTmtRcTNoUGFkVlVWMVVRQ0pVT19JbXlwNTBKbFAyVWxmWXlPMmlVdHJFOFhuYXdlT2tQVkx2bEtBc09Qc2FCeGQ0aVdkQkZFbWRkOHJfVjdXNU84N3NIODNZS1hPeHVMcGI3SmlCVElYZE9ZcWpsQQ?oc=5\" target=\"_blank\" rel=\"nofollow noopener\">Direita quer reduzir impostos e Esquerda prop\u00f5e maior sal\u00e1rio<\/a>&nbsp;&nbsp;Jornal de Not\u00edcias<\/li>\n<li><a href=\"https:\/\/news.google.com\/rss\/articles\/CBMieEFVX3lxTFAybW5pRVN3TXo4SEZCbmYwZ1lHN3hSYVJzMWc1U0F5VlhCeGFlbHRUQ1lHUG1JLWFnZzZ1LTNqRWJxT3dXWHpKZExCVkduZDJJVjl4NzRydWZhdnU1SXZCOThKbGF2ajEtZkFWRjVtek4yRlJMSFhNMg?oc=5\" target=\"_blank\" rel=\"nofollow noopener\">PSD e CDS querem reduzir IVA da ca\u00e7a para 6%<\/a>&nbsp;&nbsp;O Vilaverdense \u2013 Jornal<\/li>\n<li><a href=\"https:\/\/news.google.com\/rss\/articles\/CBMi1AFBVV95cUxNSnRYWFdWcnNqYm9yVjQ0aVdrZk01Zk5wck1YTGhuNHFJWUttZGR4X3JoRkhxaUNkaGF4UVktWU1zVmh1c0YwNVpGSnA2NTdDQmhEelA4RFdQZmx1T0F2LU1OZHRWczdHUks0ZE9rV0dYbUUtM0d0VVVsbnk4aWtTTl9reU1OV1FtSU56Yy1VVEpuem4zZWdsdXZVcnBieUhBTUJscGFHVmk4aFZGU290emljZ2VUUXJ1cjB2a1lUeVpzNDVfbWRsT211OE0yb3hlYTUxMg?oc=5\" target=\"_blank\" rel=\"nofollow noopener\">Cortes em cargos que n\u00e3o existem, jogos de futebol, amoras, roupa cosida: as propostas inusitadas do OE<\/a>&nbsp;&nbsp;S\u00c1BADO<\/li>\n<\/ol>\n","protected":false},"excerpt":{"rendered":"PS vai viabilizar OE na especialidade com luta centrada nas pens\u00f5es&nbsp;&nbsp;Di\u00e1rio de Not\u00edcias Restri\u00e7\u00f5es em cargos extintos, jacintos-de-\u00e1gua,&hellip;\n","protected":false},"author":2,"featured_media":155969,"comment_status":"","ping_status":"","sticky":false,"template":"","format":"standard","meta":{"footnotes":""},"categories":[10],"tags":[27,28,306,15,16,14,25,26,21,22,12,13,19,20,18658,21565,4532,32,23,24,33,17,18,29,30,31],"class_list":{"0":"post-155968","1":"post","2":"type-post","3":"status-publish","4":"format-standard","5":"has-post-thumbnail","7":"category-portugal","8":"tag-breaking-news","9":"tag-breakingnews","10":"tag-edicao-impressa","11":"tag-featured-news","12":"tag-featurednews","13":"tag-headlines","14":"tag-latest-news","15":"tag-latestnews","16":"tag-main-news","17":"tag-mainnews","18":"tag-news","19":"tag-noticias","20":"tag-noticias-principais","21":"tag-noticiasprincipais","22":"tag-oe2026","23":"tag-orcamento","24":"tag-parlamento","25":"tag-portugal","26":"tag-principais-noticias","27":"tag-principaisnoticias","28":"tag-pt","29":"tag-top-stories","30":"tag-topstories","31":"tag-ultimas","32":"tag-ultimas-noticias","33":"tag-ultimasnoticias"},"share_on_mastodon":{"url":"https:\/\/pubeurope.com\/@pt\/115568305964537160","error":""},"_links":{"self":[{"href":"https:\/\/www.europesays.com\/pt\/wp-json\/wp\/v2\/posts\/155968","targetHints":{"allow":["GET"]}}],"collection":[{"href":"https:\/\/www.europesays.com\/pt\/wp-json\/wp\/v2\/posts"}],"about":[{"href":"https:\/\/www.europesays.com\/pt\/wp-json\/wp\/v2\/types\/post"}],"author":[{"embeddable":true,"href":"https:\/\/www.europesays.com\/pt\/wp-json\/wp\/v2\/users\/2"}],"replies":[{"embeddable":true,"href":"https:\/\/www.europesays.com\/pt\/wp-json\/wp\/v2\/comments?post=155968"}],"version-history":[{"count":0,"href":"https:\/\/www.europesays.com\/pt\/wp-json\/wp\/v2\/posts\/155968\/revisions"}],"wp:featuredmedia":[{"embeddable":true,"href":"https:\/\/www.europesays.com\/pt\/wp-json\/wp\/v2\/media\/155969"}],"wp:attachment":[{"href":"https:\/\/www.europesays.com\/pt\/wp-json\/wp\/v2\/media?parent=155968"}],"wp:term":[{"taxonomy":"category","embeddable":true,"href":"https:\/\/www.europesays.com\/pt\/wp-json\/wp\/v2\/categories?post=155968"},{"taxonomy":"post_tag","embeddable":true,"href":"https:\/\/www.europesays.com\/pt\/wp-json\/wp\/v2\/tags?post=155968"}],"curies":[{"name":"wp","href":"https:\/\/api.w.org\/{rel}","templated":true}]}}