{"id":155974,"date":"2025-11-18T02:27:13","date_gmt":"2025-11-18T02:27:13","guid":{"rendered":"https:\/\/www.europesays.com\/pt\/155974\/"},"modified":"2025-11-18T02:27:13","modified_gmt":"2025-11-18T02:27:13","slug":"merlim-suspenso-dez-dias-apos-trocar-leo-gugiel-por-um-rato","status":"publish","type":"post","link":"https:\/\/www.europesays.com\/pt\/155974\/","title":{"rendered":"Merlim suspenso dez dias ap\u00f3s \u00abtrocar\u00bb L\u00e9o Gugiel&#8230; por um rato"},"content":{"rendered":"<p>O Conselho de Disciplina (CD) da Federa\u00e7\u00e3o Portuguesa de Futebol (FPF) aplicou uma suspens\u00e3o de dez dias a Alex Merlim, ap\u00f3s \u00abtrocar\u00bb a cara de L\u00e9o Gugiel por um rato.<\/p>\n<p>Em cima da mesa est\u00e1 uma publica\u00e7\u00e3o do internacional italiano, nas redes sociais, referente aos cinco melhores jogadores da \u00faltima edi\u00e7\u00e3o do campeonato nacional de futsal. Merlim foi nomeado juntamente com Tiago Brito (Sp. Braga), Tom\u00e1s Pa\u00e7\u00f3 (Sporting), William Carioca (Quinta dos Lombos) e o guarda-redes do Benfica.<\/p>\n<blockquote class=\"instagram-media\" data-instgrm-captioned=\"\" data-instgrm-permalink=\"https:\/\/www.instagram.com\/p\/DMVPa18iLGD\/?utm_source=ig_embed&amp;utm_campaign=loading\" data-instgrm-version=\"14\" style=\" background:#FFF; border:0; border-radius:3px; box-shadow:0 0 1px 0 rgba(0,0,0,0.5),0 1px 10px 0 rgba(0,0,0,0.15); margin: 1px; max-width:540px; min-width:326px; padding:0; width:99.375%; width:-webkit-calc(100% - 2px); width:calc(100% - 2px);\">\n<\/blockquote>\n<p>\u00abO Conselho de Disciplina decide, nos presentes autos, julgar parcialmente procedente a Acusa\u00e7\u00e3o e, em consequ\u00eancia, condenar o Arguido Alex Rodrigo Merlim Silva pela pr\u00e1tica de uma infra\u00e7\u00e3o disciplinar prevista e sancionada pelo artigo 171.\u00ba-A do RDFPF, na san\u00e7\u00e3o de suspens\u00e3o de dez dias\u00bb, pode ler-se.<\/p>\n<p>Recorde-se que Merlim est\u00e1 na d\u00e9cima temporada ao servi\u00e7o dos le\u00f5es, tendo conquistado 27 t\u00edtulos pelo clube, com destaque para as duas Ligas dos Campe\u00f5es e os sete t\u00edtulos de campe\u00e3o nacional.<\/p>\n<p>                                <script async src=\"\/\/www.instagram.com\/embed.js\"><\/script><\/p>\n","protected":false},"excerpt":{"rendered":"O Conselho de Disciplina (CD) da Federa\u00e7\u00e3o Portuguesa de Futebol (FPF) aplicou uma suspens\u00e3o de dez dias a&hellip;\n","protected":false},"author":2,"featured_media":155975,"comment_status":"","ping_status":"","sticky":false,"template":"","format":"standard","meta":{"footnotes":""},"categories":[87],"tags":[33524,135,1831,33525,46,1830,32,33,47,34,134],"class_list":{"0":"post-155974","1":"post","2":"type-post","3":"status-publish","4":"format-standard","5":"has-post-thumbnail","7":"category-desporto","8":"tag-alex-merlim","9":"tag-desporto","10":"tag-futsal","11":"tag-leo-gugiel","12":"tag-maisfutebol","13":"tag-modalidades","14":"tag-portugal","15":"tag-pt","16":"tag-pura-paixao","17":"tag-sporting","18":"tag-sports"},"share_on_mastodon":{"url":"https:\/\/pubeurope.com\/@pt\/115568341325019894","error":""},"_links":{"self":[{"href":"https:\/\/www.europesays.com\/pt\/wp-json\/wp\/v2\/posts\/155974","targetHints":{"allow":["GET"]}}],"collection":[{"href":"https:\/\/www.europesays.com\/pt\/wp-json\/wp\/v2\/posts"}],"about":[{"href":"https:\/\/www.europesays.com\/pt\/wp-json\/wp\/v2\/types\/post"}],"author":[{"embeddable":true,"href":"https:\/\/www.europesays.com\/pt\/wp-json\/wp\/v2\/users\/2"}],"replies":[{"embeddable":true,"href":"https:\/\/www.europesays.com\/pt\/wp-json\/wp\/v2\/comments?post=155974"}],"version-history":[{"count":0,"href":"https:\/\/www.europesays.com\/pt\/wp-json\/wp\/v2\/posts\/155974\/revisions"}],"wp:featuredmedia":[{"embeddable":true,"href":"https:\/\/www.europesays.com\/pt\/wp-json\/wp\/v2\/media\/155975"}],"wp:attachment":[{"href":"https:\/\/www.europesays.com\/pt\/wp-json\/wp\/v2\/media?parent=155974"}],"wp:term":[{"taxonomy":"category","embeddable":true,"href":"https:\/\/www.europesays.com\/pt\/wp-json\/wp\/v2\/categories?post=155974"},{"taxonomy":"post_tag","embeddable":true,"href":"https:\/\/www.europesays.com\/pt\/wp-json\/wp\/v2\/tags?post=155974"}],"curies":[{"name":"wp","href":"https:\/\/api.w.org\/{rel}","templated":true}]}}