{"id":155978,"date":"2025-11-18T02:32:18","date_gmt":"2025-11-18T02:32:18","guid":{"rendered":"https:\/\/www.europesays.com\/pt\/155978\/"},"modified":"2025-11-18T02:32:18","modified_gmt":"2025-11-18T02:32:18","slug":"casa-de-leiloes-alema-cancela-venda-de-artefactos-do-holocausto-apos-polemica","status":"publish","type":"post","link":"https:\/\/www.europesays.com\/pt\/155978\/","title":{"rendered":"Casa de leil\u00f5es alem\u00e3 cancela venda de artefactos do Holocausto ap\u00f3s pol\u00e9mica"},"content":{"rendered":"<p><strong>Acompanhe toda a atualidade informativa em\u00a0<a href=\"http:\/\/24noticias.sapo.pt\/\" rel=\"nofollow noopener\" target=\"_blank\">24noticias.sapo.pt<\/a><br \/><\/strong><\/p>\n<p>De acordo com o <a href=\"https:\/\/www.theguardian.com\/world\/2025\/nov\/16\/german-auction-house-urged-to-cancel-sale-of-holocaust-artefacts\" target=\"_blank\" rel=\"noreferrer noopener nofollow\">The Guardian<\/a>, a casa de leil\u00f5es alem\u00e3 Felzmann cancelou a venda de centenas de artefactos relacionados com o Holocausto, ap\u00f3s forte contesta\u00e7\u00e3o de grupos de sobreviventes e autoridades internacionais. A decis\u00e3o surge depois de manifesta\u00e7\u00f5es de indigna\u00e7\u00e3o sobre a comercializa\u00e7\u00e3o de documentos e objetos que testemunham a persegui\u00e7\u00e3o nazi durante a Segunda Guerra Mundial.<\/p>\n<p>O an\u00fancio do cancelamento foi transmitido pelo ministro dos Neg\u00f3cios Estrangeiros da Pol\u00f3nia, Rados\u0142aw Sikorski, que divulgou a informa\u00e7\u00e3o na rede social X. Sikorski afirmou ter falado com o seu hom\u00f3logo alem\u00e3o, Johann Wadephul, e ambos concordaram que \u201cum esc\u00e2ndalo deste tipo deve ser impedido\u201d. O diplomata polaco agradeceu ainda a Wadephul pelo alerta de que o leil\u00e3o tinha sido suspenso.<\/p>\n<p>O leil\u00e3o estava previsto realizar-se em Neuss, na regi\u00e3o oeste da Alemanha, perto de D\u00fcsseldorf, e inclu\u00eda mais de 600 lotes. Entre os objetos listados encontravam-se cartas escritas por prisioneiros de campos de concentra\u00e7\u00e3o alem\u00e3es dirigidas a familiares, fichas da Gestapo e outros documentos relacionados com perpetradores, segundo noticiou a ag\u00eancia de not\u00edcias alem\u00e3 dpa. A venda tinha como t\u00edtulo &#8220;O Sistema do Terror&#8221;.<\/p>\n<p>Grupos de sobreviventes do Holocausto manifestaram-se fortemente contra a iniciativa. Christoph Heubner, vice-presidente executivo do Comit\u00e9 Internacional de Auschwitz, com sede em Berlim, descreveu o leil\u00e3o como \u201cuma a\u00e7\u00e3o c\u00ednica e descarada que deixa as v\u00edtimas e sobreviventes indignados e sem palavras\u201d. Heubner sublinhou que \u201ca hist\u00f3ria e o sofrimento de todos aqueles perseguidos e assassinados pelos nazis est\u00e3o a ser explorados para lucro comercial\u201d.<\/p>\n<p>A cr\u00edtica do Comit\u00e9 Internacional de Auschwitz incidiu tamb\u00e9m no facto de muitos documentos inclu\u00edrem nomes identific\u00e1veis de indiv\u00edduos. \u201cEstes documentos pertencem \u00e0s fam\u00edlias das v\u00edtimas. Devem ser exibidos em museus ou exposi\u00e7\u00f5es memoriais e n\u00e3o degradados a meras mercadorias\u201d, afirmou Heubner, apelando \u00e0 Felzmann para que \u201cmostre algum decoro b\u00e1sico e cancele o leil\u00e3o\u201d.<\/p>\n<p>No domingo de manh\u00e3, a listagem do leil\u00e3o ainda estava dispon\u00edvel no site da casa Felzmann, mas desapareceu do portal at\u00e9 ao in\u00edcio da tarde. At\u00e9 ao momento, a casa de leil\u00f5es n\u00e3o respondeu aos contactos para comentar a situa\u00e7\u00e3o.<\/p>\n<p>A pol\u00e9mica gerou repercuss\u00f5es diplom\u00e1ticas imediatas. O ministro polaco Sikorski enfatizou a import\u00e2ncia de prevenir situa\u00e7\u00f5es que desrespeitem a mem\u00f3ria das v\u00edtimas do Holocausto, acrescentando que a colabora\u00e7\u00e3o com a Alemanha foi decisiva para a suspens\u00e3o do evento.<\/p>\n<p>___<\/p>\n<p><strong>A sua newsletter de sempre, agora ainda mais \u00fatil<\/strong><\/p>\n<p>Com o lan\u00e7amento da nova marca de informa\u00e7\u00e3o 24not\u00edcias, estamos a mudar a plataforma de newsletters, aproveitando para refor\u00e7ar a informa\u00e7\u00e3o que os leitores mais valorizam:<strong> a que lhes \u00e9 \u00fatil, ajuda a tomar decis\u00f5es e a entender o mundo.<\/strong><\/p>\n<p><strong>Assine a nova newsletter do 24not\u00edcias <a href=\"https:\/\/sapo.us1.list-manage.com\/subscribe?u=8f49263740b14ab5854be8045&amp;id=57a39c5e8f\" target=\"_blank\" rel=\"noreferrer noopener nofollow\">aqui<\/a>.<\/strong><\/p>\n","protected":false},"excerpt":{"rendered":"Acompanhe toda a atualidade informativa em\u00a024noticias.sapo.pt De acordo com o The Guardian, a casa de leil\u00f5es alem\u00e3 Felzmann&hellip;\n","protected":false},"author":2,"featured_media":155979,"comment_status":"","ping_status":"","sticky":false,"template":"","format":"standard","meta":{"footnotes":""},"categories":[50],"tags":[27,28,15,16,14,25,26,21,22,62,12,13,19,20,23,24,17,18,29,30,31,63,64,65],"class_list":{"0":"post-155978","1":"post","2":"type-post","3":"status-publish","4":"format-standard","5":"has-post-thumbnail","7":"category-mundo","8":"tag-breaking-news","9":"tag-breakingnews","10":"tag-featured-news","11":"tag-featurednews","12":"tag-headlines","13":"tag-latest-news","14":"tag-latestnews","15":"tag-main-news","16":"tag-mainnews","17":"tag-mundo","18":"tag-news","19":"tag-noticias","20":"tag-noticias-principais","21":"tag-noticiasprincipais","22":"tag-principais-noticias","23":"tag-principaisnoticias","24":"tag-top-stories","25":"tag-topstories","26":"tag-ultimas","27":"tag-ultimas-noticias","28":"tag-ultimasnoticias","29":"tag-world","30":"tag-world-news","31":"tag-worldnews"},"share_on_mastodon":{"url":"https:\/\/pubeurope.com\/@pt\/115568361117475204","error":""},"_links":{"self":[{"href":"https:\/\/www.europesays.com\/pt\/wp-json\/wp\/v2\/posts\/155978","targetHints":{"allow":["GET"]}}],"collection":[{"href":"https:\/\/www.europesays.com\/pt\/wp-json\/wp\/v2\/posts"}],"about":[{"href":"https:\/\/www.europesays.com\/pt\/wp-json\/wp\/v2\/types\/post"}],"author":[{"embeddable":true,"href":"https:\/\/www.europesays.com\/pt\/wp-json\/wp\/v2\/users\/2"}],"replies":[{"embeddable":true,"href":"https:\/\/www.europesays.com\/pt\/wp-json\/wp\/v2\/comments?post=155978"}],"version-history":[{"count":0,"href":"https:\/\/www.europesays.com\/pt\/wp-json\/wp\/v2\/posts\/155978\/revisions"}],"wp:featuredmedia":[{"embeddable":true,"href":"https:\/\/www.europesays.com\/pt\/wp-json\/wp\/v2\/media\/155979"}],"wp:attachment":[{"href":"https:\/\/www.europesays.com\/pt\/wp-json\/wp\/v2\/media?parent=155978"}],"wp:term":[{"taxonomy":"category","embeddable":true,"href":"https:\/\/www.europesays.com\/pt\/wp-json\/wp\/v2\/categories?post=155978"},{"taxonomy":"post_tag","embeddable":true,"href":"https:\/\/www.europesays.com\/pt\/wp-json\/wp\/v2\/tags?post=155978"}],"curies":[{"name":"wp","href":"https:\/\/api.w.org\/{rel}","templated":true}]}}