{"id":155980,"date":"2025-11-18T02:33:09","date_gmt":"2025-11-18T02:33:09","guid":{"rendered":"https:\/\/www.europesays.com\/pt\/155980\/"},"modified":"2025-11-18T02:33:09","modified_gmt":"2025-11-18T02:33:09","slug":"pedro-duarte-quer-solucao-para-transito-na-vci-e-na-crep-ate-2027","status":"publish","type":"post","link":"https:\/\/www.europesays.com\/pt\/155980\/","title":{"rendered":"Pedro Duarte quer solu\u00e7\u00e3o para tr\u00e2nsito na VCI e na CREP at\u00e9 2027"},"content":{"rendered":"<p data-remotead-prev-elm=\"true\" data-remotead-elm-id=\"inread\">No dia em que foi escolhido para liderar os 17 munic\u00edpios da \u00c1rea Metropolitana do Porto, com 16 votos a favor e um contra, Pedro Duarte apontou que os problemas de tr\u00e2nsito s\u00e3o comuns. &#8220;Se h\u00e1 mat\u00e9ria em que os munic\u00edpios est\u00e3o muito interligados \u00e9 neste tema. Sabemos os fluxos de tr\u00e1fego que existem na \u00e1rea metropolitana e que nos condicionam todos uns aos outros&#8221;, come\u00e7ou por explicar.<\/p>\n<blockquote data-type=\"articles\" data-id=\"related-article-18020912\"><p>\n              <strong>Leia tamb\u00e9m <\/strong><br \/>\n              <a href=\"https:\/\/www.jn.pt\/pais\/artigo\/pedro-duarte-vai-reunir-se-com-ministra-para-travar-inseguranca-no-porto\/18020912\" rel=\"nofollow noopener\" target=\"_blank\">Pedro Duarte vai reunir-se com ministra para travar inseguran\u00e7a no Porto<\/a>\n            <\/p><\/blockquote>\n<p>O problema de tr\u00e2nsito na Via de Cintura Interna (VCI) est\u00e1 no topo das preocupa\u00e7\u00f5es do novo autarca, que j\u00e1 tem uma solu\u00e7\u00e3o pensada, que espera poder implementar antes de 2027. &#8220;O objetivo \u00e9 que possamos fazer isto em duas fases: para j\u00e1, abolir as portagens na Circular Regional Exterior do Porto (CREP) e, depois, instalar os p\u00f3rticos na VCI para retirar a circula\u00e7\u00e3o de pesados, em benef\u00edcio dos demais utentes&#8221;, destacou Pedro Duarte.<\/p>\n<p>A medida implicaria uma compensa\u00e7\u00e3o ao concession\u00e1rio da CREP, devido \u00e0 perda de receitas resultante desta decis\u00e3o. No entanto, o presidente da C\u00e2mara do Porto e do Conselho Metropolitano revelou que, ap\u00f3s reuni\u00e3o com o ministro das Infraestruturas, Miguel Pinto Luz, obteve a garantia de que ser\u00e1 o Governo a assumir essa responsabilidade.<\/p>\n","protected":false},"excerpt":{"rendered":"No dia em que foi escolhido para liderar os 17 munic\u00edpios da \u00c1rea Metropolitana do Porto, com 16&hellip;\n","protected":false},"author":2,"featured_media":155981,"comment_status":"","ping_status":"","sticky":false,"template":"","format":"standard","meta":{"footnotes":""},"categories":[10],"tags":[27,28,20018,1200,33526,15,16,14,25,26,21,22,4998,12,13,19,20,18043,32,23,24,33,17,18,29,30,31,21086],"class_list":{"0":"post-155980","1":"post","2":"type-post","3":"status-publish","4":"format-standard","5":"has-post-thumbnail","7":"category-portugal","8":"tag-breaking-news","9":"tag-breakingnews","10":"tag-concelho-porto","11":"tag-conselho-metropolitano-do-porto","12":"tag-crep","13":"tag-featured-news","14":"tag-featurednews","15":"tag-headlines","16":"tag-latest-news","17":"tag-latestnews","18":"tag-main-news","19":"tag-mainnews","20":"tag-mobilidade","21":"tag-news","22":"tag-noticias","23":"tag-noticias-principais","24":"tag-noticiasprincipais","25":"tag-pedro-duarte","26":"tag-portugal","27":"tag-principais-noticias","28":"tag-principaisnoticias","29":"tag-pt","30":"tag-top-stories","31":"tag-topstories","32":"tag-ultimas","33":"tag-ultimas-noticias","34":"tag-ultimasnoticias","35":"tag-vci"},"share_on_mastodon":{"url":"https:\/\/pubeurope.com\/@pt\/115568364926246233","error":""},"_links":{"self":[{"href":"https:\/\/www.europesays.com\/pt\/wp-json\/wp\/v2\/posts\/155980","targetHints":{"allow":["GET"]}}],"collection":[{"href":"https:\/\/www.europesays.com\/pt\/wp-json\/wp\/v2\/posts"}],"about":[{"href":"https:\/\/www.europesays.com\/pt\/wp-json\/wp\/v2\/types\/post"}],"author":[{"embeddable":true,"href":"https:\/\/www.europesays.com\/pt\/wp-json\/wp\/v2\/users\/2"}],"replies":[{"embeddable":true,"href":"https:\/\/www.europesays.com\/pt\/wp-json\/wp\/v2\/comments?post=155980"}],"version-history":[{"count":0,"href":"https:\/\/www.europesays.com\/pt\/wp-json\/wp\/v2\/posts\/155980\/revisions"}],"wp:featuredmedia":[{"embeddable":true,"href":"https:\/\/www.europesays.com\/pt\/wp-json\/wp\/v2\/media\/155981"}],"wp:attachment":[{"href":"https:\/\/www.europesays.com\/pt\/wp-json\/wp\/v2\/media?parent=155980"}],"wp:term":[{"taxonomy":"category","embeddable":true,"href":"https:\/\/www.europesays.com\/pt\/wp-json\/wp\/v2\/categories?post=155980"},{"taxonomy":"post_tag","embeddable":true,"href":"https:\/\/www.europesays.com\/pt\/wp-json\/wp\/v2\/tags?post=155980"}],"curies":[{"name":"wp","href":"https:\/\/api.w.org\/{rel}","templated":true}]}}