{"id":155982,"date":"2025-11-18T02:35:11","date_gmt":"2025-11-18T02:35:11","guid":{"rendered":"https:\/\/www.europesays.com\/pt\/155982\/"},"modified":"2025-11-18T02:35:11","modified_gmt":"2025-11-18T02:35:11","slug":"luz-camera-nsc-como-a-corrida-transformou-a-rotina-de-fernanda-moro-apresentadora-do-ge-sc","status":"publish","type":"post","link":"https:\/\/www.europesays.com\/pt\/155982\/","title":{"rendered":"Luz, C\u00e2mera, NSC: como a corrida transformou a rotina de Fernanda Moro, apresentadora do GE SC"},"content":{"rendered":"<p>                        <img width=\"944\" height=\"531\" src=\"https:\/\/www.europesays.com\/pt\/wp-content\/uploads\/2025\/11\/Luz-Camera-NSC-Episodio-01-Fernanda-Moro-944x531.jpg\" class=\"attachment-custom-large size-custom-large article-featured-image\" alt=\"Luz, C\u00e2mera, NSC Epis\u00f3dio 01 - Fernanda Moro\" fetchpriority=\"high\" decoding=\"async\"  \/><\/p>\n<p>Fernanda Moro, apresentadora do GE SC, mostra como a rotina mudou a vida dela (Foto: Reprodu\u00e7\u00e3o, Mateus Castro)<\/p>\n<p>A estreia da s\u00e9rie <strong>Luz, C\u00e2mera, NSC<\/strong> come\u00e7a com inspira\u00e7\u00e3o: Fernanda Moro, apresentadora do <strong>Globo Esporte Santa Catarina<\/strong> (GE SC), abre a temporada compartilhando como a corrida se tornou parte essencial da sua vida, uma pr\u00e1tica que trouxe mais energia, foco, leveza e sa\u00fade mental.<\/p>\n<p>Continua depois da publicidade<\/p>\n<p>Quando pensamos em corrida, a mente logo desenha imagens de linhas de chegada, maratonas, recordes pessoais e p\u00f3dios. Mas para muitos, o verdadeiro valor de cal\u00e7ar um par de t\u00eanis e sair para a rua n\u00e3o est\u00e1 no rel\u00f3gio ou nos recordes, e sim nas descobertas profundas e pessoais que acontecem no caminho.<\/p>\n<p>Neste primeiro epis\u00f3dio, Fernanda mostra que, mesmo com a rotina intensa do jornalismo esportivo, sempre existe um espa\u00e7o para cuidar de si. A corrida \u00e9 o momento em que ela se desconecta do mundo e se reconecta consigo, criando um ritual que a acompanha antes, durante e depois do trabalho.<\/p>\n<p>Luz, C\u00e2mera, NSC: Epis\u00f3dio 01 \u2013 Fernanda MoroComecei a correr para me encontrar, n\u00e3o para competir<\/p>\n<p>A motiva\u00e7\u00e3o inicial de Fernanda para a corrida n\u00e3o foi uma prova de 10k ou uma maratona no horizonte. Foi a necessidade de \u201cse reencontrar\u201d. Em meio a um per\u00edodo desafiador, o processo de adapta\u00e7\u00e3o ap\u00f3s se mudar de Chapec\u00f3 para Florian\u00f3polis foi particularmente dif\u00edcil.<\/p>\n<p>Continua depois da publicidade<\/p>\n<p>Somava-se a isso uma nova fase na carreira, especificamente sua \u201cmudan\u00e7a pro esporte\u201d. Em meio \u00e0 nova fase de come\u00e7ar a trabalhar com jornalismo esportivo, ela precisava de uma \u00e2ncora. A corrida surgiu como essa ferramenta.<\/p>\n<p>Essa \u00e9 talvez a primeira grande li\u00e7\u00e3o: a atividade f\u00edsica pode ser um poderoso instrumento de clareza mental e emocional. Mais do que uma busca por condicionamento f\u00edsico, a corrida se tornou para ela uma forma de terapia em movimento, um espa\u00e7o para processar pensamentos e reencontrar seu centro.<\/p>\n<p>Quem \u00e9 Fernanda Moro?<\/p>\n<p>Corredora e<strong>\u00a0<\/strong><a href=\"https:\/\/www.nsctotal.com.br\/noticias\/premier-league-lidera-gastos-na-janela-de-verao-no-futebol-europeu\" rel=\"nofollow noopener\" target=\"_blank\"><strong>apaixonada pelo futebol ingl\u00eas<\/strong><\/a>, Fernanda Moro est\u00e1 na <strong>NSC TV<\/strong> h\u00e1 seis anos e, na reportagem para <strong>NSC TV<\/strong> e sportv, acompanhou in\u00fameros campeonatos de diferentes modalidades esportivas.<\/p>\n<p>Continua depois da publicidade<\/p>\n<p>Em 2023, por exemplo, ela acompanhou a largada da The Ocean Race, diretamente da \u00c1frica do Sul, produzindo cobertura multiplataforma para TV, digital, r\u00e1dio e impresso, al\u00e9m de narrar a chegada dos barcos a Itaja\u00ed.<\/p>\n<p>Fernanda come\u00e7ou na <strong>NSC TV<\/strong>, em Chapec\u00f3, como rep\u00f3rter, integrando a equipe do Jornal do Almo\u00e7o. Em 2022 mudou-se para Florian\u00f3polis e, um ano depois, passou a integrar a equipe de esportes, fazendo reportagens para o Globo Esporte e apresenta\u00e7\u00e3o sobre o tema no Bom Dia Santa Catarina.<\/p>\n<p><strong><a href=\"https:\/\/www.nsctotal.com.br\/noticias\/fernanda-moro-e-a-nova-apresentadora-do-globo-esporte-sc\" target=\"_blank\" rel=\"noreferrer noopener nofollow\">Fernanda Moro \u00e9 a nova apresentadora do Globo Esporte SC<\/a><\/strong><\/p>\n","protected":false},"excerpt":{"rendered":"Fernanda Moro, apresentadora do GE SC, mostra como a rotina mudou a vida dela (Foto: Reprodu\u00e7\u00e3o, Mateus Castro)&hellip;\n","protected":false},"author":2,"featured_media":155983,"comment_status":"","ping_status":"","sticky":false,"template":"","format":"standard","meta":{"footnotes":""},"categories":[145],"tags":[211,210,114,115,32,33,543],"class_list":{"0":"post-155982","1":"post","2":"type-post","3":"status-publish","4":"format-standard","5":"has-post-thumbnail","7":"category-celebridades","8":"tag-celebridades","9":"tag-celebrities","10":"tag-entertainment","11":"tag-entretenimento","12":"tag-portugal","13":"tag-pt","14":"tag-ver-ouvir-ler"},"share_on_mastodon":{"url":"https:\/\/pubeurope.com\/@pt\/115568372988471728","error":""},"_links":{"self":[{"href":"https:\/\/www.europesays.com\/pt\/wp-json\/wp\/v2\/posts\/155982","targetHints":{"allow":["GET"]}}],"collection":[{"href":"https:\/\/www.europesays.com\/pt\/wp-json\/wp\/v2\/posts"}],"about":[{"href":"https:\/\/www.europesays.com\/pt\/wp-json\/wp\/v2\/types\/post"}],"author":[{"embeddable":true,"href":"https:\/\/www.europesays.com\/pt\/wp-json\/wp\/v2\/users\/2"}],"replies":[{"embeddable":true,"href":"https:\/\/www.europesays.com\/pt\/wp-json\/wp\/v2\/comments?post=155982"}],"version-history":[{"count":0,"href":"https:\/\/www.europesays.com\/pt\/wp-json\/wp\/v2\/posts\/155982\/revisions"}],"wp:featuredmedia":[{"embeddable":true,"href":"https:\/\/www.europesays.com\/pt\/wp-json\/wp\/v2\/media\/155983"}],"wp:attachment":[{"href":"https:\/\/www.europesays.com\/pt\/wp-json\/wp\/v2\/media?parent=155982"}],"wp:term":[{"taxonomy":"category","embeddable":true,"href":"https:\/\/www.europesays.com\/pt\/wp-json\/wp\/v2\/categories?post=155982"},{"taxonomy":"post_tag","embeddable":true,"href":"https:\/\/www.europesays.com\/pt\/wp-json\/wp\/v2\/tags?post=155982"}],"curies":[{"name":"wp","href":"https:\/\/api.w.org\/{rel}","templated":true}]}}