{"id":155984,"date":"2025-11-18T02:41:16","date_gmt":"2025-11-18T02:41:16","guid":{"rendered":"https:\/\/www.europesays.com\/pt\/155984\/"},"modified":"2025-11-18T02:41:16","modified_gmt":"2025-11-18T02:41:16","slug":"comecou-a-tocar-me-no-rabo-haaland-explica-picardia-com-mancini","status":"publish","type":"post","link":"https:\/\/www.europesays.com\/pt\/155984\/","title":{"rendered":"\u00abCome\u00e7ou a tocar-me no rabo\u00bb: Haaland explica \u00abpicardia\u00bb com Mancini"},"content":{"rendered":"<p>O <a href=\"http:\/\/maisfutebol.iol.pt\/mundial-2026\/noruega\/video-haaland-volta-a-brilhar-e-qualifica-a-noruega-para-o-mundial-2026\" target=\"_blank\" rel=\"nofollow noopener\">triunfo da Noruega sobre a It\u00e1lia<\/a> (4-1) confirmou a presen\u00e7a na fase final do Mundial 2026, mas na retina dos adeptos ficaram os diversos desentendimentos entre Erling Haaland e Gianluca Mancini.<\/p>\n<p>Ora, questionado sobre o tema, o avan\u00e7ado do Manchester City foi perent\u00f3rio na explica\u00e7\u00e3o e referiu, inclusive, que tudo come\u00e7ou porque o defesa da Roma lhe come\u00e7ou a \u00abtocar no rabo\u00bb. Al\u00e9m disso, Haaland \u00abatribui\u00bb a motiva\u00e7\u00e3o para marcar dois golos a Mancini, em declara\u00e7\u00f5es \u00e0\u00a0TV2, uma esta\u00e7\u00e3o televisiva da Noruega.<\/p>\n<p>\u00abQuando ainda estava 1-1, ele come\u00e7ou a tocar-me no rabo. S\u00f3 pensava &#8220;o que \u00e9 que est\u00e1s a fazer?&#8221;. Isso fez com que ficasse empolgado e acabei por lhe dizer: &#8220;Muito obrigado pela motiva\u00e7\u00e3o, vamos a isso&#8221;. Acabei por marcar dois golos e vencemos. Agrade\u00e7o-lhe muito\u00bb, afirmou.\u00a0<\/p>\n","protected":false},"excerpt":{"rendered":"O triunfo da Noruega sobre a It\u00e1lia (4-1) confirmou a presen\u00e7a na fase final do Mundial 2026, mas&hellip;\n","protected":false},"author":2,"featured_media":155985,"comment_status":"","ping_status":"","sticky":false,"template":"","format":"standard","meta":{"footnotes":""},"categories":[87],"tags":[135,26846,33527,233,46,12632,965,32,33,47,134],"class_list":{"0":"post-155984","1":"post","2":"type-post","3":"status-publish","4":"format-standard","5":"has-post-thumbnail","7":"category-desporto","8":"tag-desporto","9":"tag-erling-haaland","10":"tag-gianluca-mancini","11":"tag-italia","12":"tag-maisfutebol","13":"tag-mundial-2026","14":"tag-noruega","15":"tag-portugal","16":"tag-pt","17":"tag-pura-paixao","18":"tag-sports"},"share_on_mastodon":{"url":"https:\/\/pubeurope.com\/@pt\/115568396399009329","error":""},"_links":{"self":[{"href":"https:\/\/www.europesays.com\/pt\/wp-json\/wp\/v2\/posts\/155984","targetHints":{"allow":["GET"]}}],"collection":[{"href":"https:\/\/www.europesays.com\/pt\/wp-json\/wp\/v2\/posts"}],"about":[{"href":"https:\/\/www.europesays.com\/pt\/wp-json\/wp\/v2\/types\/post"}],"author":[{"embeddable":true,"href":"https:\/\/www.europesays.com\/pt\/wp-json\/wp\/v2\/users\/2"}],"replies":[{"embeddable":true,"href":"https:\/\/www.europesays.com\/pt\/wp-json\/wp\/v2\/comments?post=155984"}],"version-history":[{"count":0,"href":"https:\/\/www.europesays.com\/pt\/wp-json\/wp\/v2\/posts\/155984\/revisions"}],"wp:featuredmedia":[{"embeddable":true,"href":"https:\/\/www.europesays.com\/pt\/wp-json\/wp\/v2\/media\/155985"}],"wp:attachment":[{"href":"https:\/\/www.europesays.com\/pt\/wp-json\/wp\/v2\/media?parent=155984"}],"wp:term":[{"taxonomy":"category","embeddable":true,"href":"https:\/\/www.europesays.com\/pt\/wp-json\/wp\/v2\/categories?post=155984"},{"taxonomy":"post_tag","embeddable":true,"href":"https:\/\/www.europesays.com\/pt\/wp-json\/wp\/v2\/tags?post=155984"}],"curies":[{"name":"wp","href":"https:\/\/api.w.org\/{rel}","templated":true}]}}