{"id":155991,"date":"2025-11-18T02:55:13","date_gmt":"2025-11-18T02:55:13","guid":{"rendered":"https:\/\/www.europesays.com\/pt\/155991\/"},"modified":"2025-11-18T02:55:13","modified_gmt":"2025-11-18T02:55:13","slug":"video-selecionador-da-nigeria-acusa-rd-congo-de-bruxaria","status":"publish","type":"post","link":"https:\/\/www.europesays.com\/pt\/155991\/","title":{"rendered":"V\u00cdDEO: selecionador da Nig\u00e9ria acusa RD Congo de \u00abbruxaria\u00bb"},"content":{"rendered":"<p>O selecionador da Nig\u00e9ria acusou elementos da Rep\u00fablica Democr\u00e1tica do Congo (RD Congo) de fazerem \u00abbruxaria\u00bb <a href=\"https:\/\/maisfutebol.iol.pt\/mundial-2026\/congo\/mundial-2026-mbemba-ex-fc-porto-coloca-congo-no-play-off-intercontinental\" target=\"_blank\" rel=\"nofollow noopener\">durante o desempate por grandes penalidades<\/a> deste domingo, que confirmou a passagem dos congoleses ao play-off intercontinental.<\/p>\n<p>\u00c9ric Chelle abordou o tema ap\u00f3s o encontro e, em declara\u00e7\u00f5es aos jornalistas, revelou ter ficado nervoso com a situa\u00e7\u00e3o, ainda que n\u00e3o tenha percebido ao certo o que estava a ser utilizado para a pr\u00e1tica de \u00abvodu\u00bb.<\/p>\n<p>\u00abUm elemento da RD Congo esteve fazer coisas de &#8220;vudu&#8221; durante todo o desempate por grandes penalidades, a toda a hora. Foi por isso que fiquei um pouco nervoso com ele. Vi-o a fazer algo assim (enquanto agitava o bra\u00e7o), n\u00e3o sei se era \u00e1gua ou algo do g\u00e9nero\u00bb, afirmou.<\/p>\n<p><strong>Assista \u00e0s declara\u00e7\u00f5es de \u00c9ric Chelle:<\/strong>\u00a0<\/p>\n","protected":false},"excerpt":{"rendered":"O selecionador da Nig\u00e9ria acusou elementos da Rep\u00fablica Democr\u00e1tica do Congo (RD Congo) de fazerem \u00abbruxaria\u00bb durante o&hellip;\n","protected":false},"author":2,"featured_media":155992,"comment_status":"","ping_status":"","sticky":false,"template":"","format":"standard","meta":{"footnotes":""},"categories":[87],"tags":[33530,135,33529,46,12632,6021,32,33,47,33528,134],"class_list":{"0":"post-155991","1":"post","2":"type-post","3":"status-publish","4":"format-standard","5":"has-post-thumbnail","7":"category-desporto","8":"tag-bruxaria","9":"tag-desporto","10":"tag-eric-chelle","11":"tag-maisfutebol","12":"tag-mundial-2026","13":"tag-nigeria","14":"tag-portugal","15":"tag-pt","16":"tag-pura-paixao","17":"tag-rd-congo","18":"tag-sports"},"share_on_mastodon":{"url":"https:\/\/pubeurope.com\/@pt\/115568451434417737","error":""},"_links":{"self":[{"href":"https:\/\/www.europesays.com\/pt\/wp-json\/wp\/v2\/posts\/155991","targetHints":{"allow":["GET"]}}],"collection":[{"href":"https:\/\/www.europesays.com\/pt\/wp-json\/wp\/v2\/posts"}],"about":[{"href":"https:\/\/www.europesays.com\/pt\/wp-json\/wp\/v2\/types\/post"}],"author":[{"embeddable":true,"href":"https:\/\/www.europesays.com\/pt\/wp-json\/wp\/v2\/users\/2"}],"replies":[{"embeddable":true,"href":"https:\/\/www.europesays.com\/pt\/wp-json\/wp\/v2\/comments?post=155991"}],"version-history":[{"count":0,"href":"https:\/\/www.europesays.com\/pt\/wp-json\/wp\/v2\/posts\/155991\/revisions"}],"wp:featuredmedia":[{"embeddable":true,"href":"https:\/\/www.europesays.com\/pt\/wp-json\/wp\/v2\/media\/155992"}],"wp:attachment":[{"href":"https:\/\/www.europesays.com\/pt\/wp-json\/wp\/v2\/media?parent=155991"}],"wp:term":[{"taxonomy":"category","embeddable":true,"href":"https:\/\/www.europesays.com\/pt\/wp-json\/wp\/v2\/categories?post=155991"},{"taxonomy":"post_tag","embeddable":true,"href":"https:\/\/www.europesays.com\/pt\/wp-json\/wp\/v2\/tags?post=155991"}],"curies":[{"name":"wp","href":"https:\/\/api.w.org\/{rel}","templated":true}]}}