{"id":156003,"date":"2025-11-18T03:13:18","date_gmt":"2025-11-18T03:13:18","guid":{"rendered":"https:\/\/www.europesays.com\/pt\/156003\/"},"modified":"2025-11-18T03:13:18","modified_gmt":"2025-11-18T03:13:18","slug":"ios-26-2-chega-em-dezembro-estas-sao-as-principais-novidades-que-chegarao-aos-iphones","status":"publish","type":"post","link":"https:\/\/www.europesays.com\/pt\/156003\/","title":{"rendered":"iOS 26.2 chega em dezembro: estas s\u00e3o as principais novidades que chegar\u00e3o aos iPhones"},"content":{"rendered":"<p class=\"leading\">\n                Mais intelig\u00eancia, mais controlo e mais personaliza\u00e7\u00e3o: tudo o que o iOS 26.2 vai adicionar ao teu iPhone.            <\/p>\n<p class=\"article-image center\"><img decoding=\"async\" alt=\"iOS 26.2 chega em dezembro: estas s\u00e3o as principais novidades que chegar\u00e3o aos iPhones\" height=\"1080\" src=\"https:\/\/www.europesays.com\/pt\/wp-content\/uploads\/2025\/11\/ios-26-2-chega-em-dezembro-estas-sao-as-principais-novidades-que-chegarao-aos-iphones.jpg\" width=\"1920\" fetchpriority=\"high\"\/><\/p>\n<p><a href=\"https:\/\/t.me\/descontos4gnews\" rel=\"nofollow\" class=\"banner-deals mb20 banner-deals-rotation banner-deals-rotation--telegram\"><\/p>\n<p>        Entra no nosso canal Telegram<br \/>e recebe as melhores ofertas<\/p>\n<p>        ENTRAR\n    <\/p>\n<p><\/a><\/p>\n<p>A Apple lan\u00e7ou a terceira vers\u00e3o beta para programadores do <strong>iOS 26.2<\/strong>, que chegar\u00e1 na sua vers\u00e3o final em fevereiro, possivelmente entre os dias <strong>11 e 13<\/strong>.<br \/>Apesar de a vers\u00e3o final ainda estar a algumas semanas de dist\u00e2ncia, j\u00e1 sabemos algumas das novidades que estar\u00e3o presentes nesta atualiza\u00e7\u00e3o, conforme as vers\u00f5es beta lan\u00e7adas at\u00e9 ao momento.<\/p>\n<p>Confere abaixo os principais recursos que chegar\u00e3o ao teu iPhone em breve.<\/p>\n<p>Aplicativo Jogos<\/p>\n<p>Ter\u00e1 novas op\u00e7\u00f5es de classifica\u00e7\u00e3o e filtragem na biblioteca, incluindo tamanho, nomes e t\u00edtulos instalados ou executados recentemente.<\/p>\n<p>Apple Podcasts<\/p>\n<p>Passar\u00e1 a utilizar intelig\u00eancia artificial para melhorar a experi\u00eancia da aplica\u00e7\u00e3o, podendo gerar cap\u00edtulos autom\u00e1ticos e obter links para os programas.<\/p>\n<p>Tradu\u00e7\u00e3o em tempo real nos AirPods<\/p>\n<p>Os pa\u00edses da Uni\u00e3o Europeia receber\u00e3o finalmente tradu\u00e7\u00f5es em diferentes idiomas entre AirPods e iPhones.<br \/>Com isso, os utilizadores de <strong>AirPods Pro<\/strong> e <strong>AirPods 4<\/strong> poder\u00e3o iniciar uma conversa com algu\u00e9m que fale uma l\u00edngua desconhecida, e os dispositivos far\u00e3o a tradu\u00e7\u00e3o para o seu idioma de prefer\u00eancia.<\/p>\n<p>App Lembretes<\/p>\n<p>Com o iOS 26.2, a aplica\u00e7\u00e3o poder\u00e1 ativar alarmes e cron\u00f3metros quando o hor\u00e1rio de um lembrete estiver pr\u00f3ximo.<br \/>Isso facilitar\u00e1 que os utilizadores sejam alertados sobre compromissos mesmo quando o <strong>Modo Foco<\/strong> estiver ativado.<\/p>\n<p>Apple News<\/p>\n<p>O app receber\u00e1 uma otimiza\u00e7\u00e3o da interface, adicionando quatro \u00edcones na tela inicial, al\u00e9m de not\u00edcias que permitem aceder mais facilmente \u00e0s seguintes sec\u00e7\u00f5es: <strong>Desporto, Quebra-Cabe\u00e7as, Pol\u00edtica e Comida<\/strong>.<\/p>\n<p>Liquid Glass<\/p>\n<p>Na ecr\u00e3 inicial, os utilizadores poder\u00e3o deixar o visual ainda mais transparente com um controlo deslizante. Assim, ser\u00e1 poss\u00edvel escolher o n\u00edvel de transpar\u00eancia para o rel\u00f3gio e widgets, por exemplo.<\/p>\n<p>Para quais dispositivos o iOS 26.2 estar\u00e1 dispon\u00edvel?<\/p>\n<p>Assim como o iOS 26, a nova vers\u00e3o do sistema operativo que chegar\u00e1 em outubro estar\u00e1 dispon\u00edvel para os seguintes iPhones:<\/p>\n<ul>\n<li>\n<p>iPhone 16 Pro e 16 Pro Max<\/p>\n<\/li>\n<li>\n<p>iPhone 16 e 16 Plus<\/p>\n<\/li>\n<li>\n<p>iPhone 15 Pro e 15 Pro Max<\/p>\n<\/li>\n<li>\n<p>iPhone 15 e 15 Plus<\/p>\n<\/li>\n<li>\n<p>iPhone 14 Pro e 14 Pro Max<\/p>\n<\/li>\n<li>\n<p>iPhone 14 e 14 Plus<\/p>\n<\/li>\n<li>\n<p>iPhone 13 Pro e 13 Pro Max<\/p>\n<\/li>\n<li>\n<p>iPhone 13 e 13 mini<\/p>\n<\/li>\n<li>\n<p>iPhone 12 Pro e 12 Pro Max<\/p>\n<\/li>\n<li>\n<p>iPhone 12 e 12 mini<\/p>\n<\/li>\n<li>\n<p>iPhone 11 Pro e 11 Pro Max<\/p>\n<\/li>\n<li>\n<p>iPhone 11<\/p>\n<\/li>\n<li>\n<p>iPhone SE (2.\u00aa gera\u00e7\u00e3o ou mais recente)<\/p>\n<\/li>\n<\/ul>\n<p class=\"inline-related-title\">Editores 4gnews recomendam:<\/p>\n","protected":false},"excerpt":{"rendered":"Mais intelig\u00eancia, mais controlo e mais personaliza\u00e7\u00e3o: tudo o que o iOS 26.2 vai adicionar ao teu iPhone.&hellip;\n","protected":false},"author":2,"featured_media":156004,"comment_status":"","ping_status":"","sticky":false,"template":"","format":"standard","meta":{"footnotes":""},"categories":[84],"tags":[109,107,108,32,33,105,103,104,106,110],"class_list":{"0":"post-156003","1":"post","2":"type-post","3":"status-publish","4":"format-standard","5":"has-post-thumbnail","7":"category-ciencia-e-tecnologia","8":"tag-ciencia","9":"tag-ciencia-e-tecnologia","10":"tag-cienciaetecnologia","11":"tag-portugal","12":"tag-pt","13":"tag-science","14":"tag-science-and-technology","15":"tag-scienceandtechnology","16":"tag-technology","17":"tag-tecnologia"},"share_on_mastodon":{"url":"https:\/\/pubeurope.com\/@pt\/115568522447198134","error":""},"_links":{"self":[{"href":"https:\/\/www.europesays.com\/pt\/wp-json\/wp\/v2\/posts\/156003","targetHints":{"allow":["GET"]}}],"collection":[{"href":"https:\/\/www.europesays.com\/pt\/wp-json\/wp\/v2\/posts"}],"about":[{"href":"https:\/\/www.europesays.com\/pt\/wp-json\/wp\/v2\/types\/post"}],"author":[{"embeddable":true,"href":"https:\/\/www.europesays.com\/pt\/wp-json\/wp\/v2\/users\/2"}],"replies":[{"embeddable":true,"href":"https:\/\/www.europesays.com\/pt\/wp-json\/wp\/v2\/comments?post=156003"}],"version-history":[{"count":0,"href":"https:\/\/www.europesays.com\/pt\/wp-json\/wp\/v2\/posts\/156003\/revisions"}],"wp:featuredmedia":[{"embeddable":true,"href":"https:\/\/www.europesays.com\/pt\/wp-json\/wp\/v2\/media\/156004"}],"wp:attachment":[{"href":"https:\/\/www.europesays.com\/pt\/wp-json\/wp\/v2\/media?parent=156003"}],"wp:term":[{"taxonomy":"category","embeddable":true,"href":"https:\/\/www.europesays.com\/pt\/wp-json\/wp\/v2\/categories?post=156003"},{"taxonomy":"post_tag","embeddable":true,"href":"https:\/\/www.europesays.com\/pt\/wp-json\/wp\/v2\/tags?post=156003"}],"curies":[{"name":"wp","href":"https:\/\/api.w.org\/{rel}","templated":true}]}}