{"id":156007,"date":"2025-11-18T03:21:51","date_gmt":"2025-11-18T03:21:51","guid":{"rendered":"https:\/\/www.europesays.com\/pt\/156007\/"},"modified":"2025-11-18T03:21:51","modified_gmt":"2025-11-18T03:21:51","slug":"novas-imagens-de-liliana-filipa-validam-rumores-de-separacao-este-e-o-detalhe-de-que-todos-falam-secret-story","status":"publish","type":"post","link":"https:\/\/www.europesays.com\/pt\/156007\/","title":{"rendered":"Novas imagens de Liliana Filipa validam rumores de separa\u00e7\u00e3o. Este \u00e9 o detalhe de que todos falam &#8211; Secret Story"},"content":{"rendered":"<p>N\u00e3o se fala noutra coisa: Liliana Filipa e Daniel Greg\u00f3rio estar\u00e3o separados devido a uma alegada trai\u00e7\u00e3o da parte dele e ainda que nenhum dos dois tenha confirmado oficialmente esta hist\u00f3ria, h\u00e1 detalhes que v\u00e3o revelando cada vez mais a verdade.\u00a0<\/p>\n<blockquote class=\"instagram-media\" data-instgrm-captioned=\"\" data-instgrm-permalink=\"https:\/\/www.instagram.com\/p\/DRKwqb3jHd9\/?utm_source=ig_embed&amp;utm_campaign=loading\" data-instgrm-version=\"14\" style=\" background:#FFF; border:0; border-radius:3px; box-shadow:0 0 1px 0 rgba(0,0,0,0.5),0 1px 10px 0 rgba(0,0,0,0.15); margin: 1px; max-width:540px; min-width:326px; padding:0; width:99.375%; width:-webkit-calc(100% - 2px); width:calc(100% - 2px);\">\n<\/blockquote>\n<p>\u00a0<\/p>\n<p><a href=\"https:\/\/tvi.iol.pt\/secretstory\/fotos\/reveladas-novas-imagens-do-dia-em-que-daniel-gregorio-tera-traido-liliana-filipa\/69185e15d34e2bd5c6d409f1\" rel=\"nofollow noopener\" target=\"_blank\">Recentemente, novas imagens <\/a>de Liliana Filipa causaram furor na Internet, com os f\u00e3s a reparar num detalhe muito importante e que at\u00e9 ent\u00e3o tinha passado despercebido: a influencer j\u00e1 n\u00e3o usa o anel de noivado que Daniel lhe Greg\u00f3rio lhe ofereceu quando a pediu em casamento.\u00a0<\/p>\n<p>Esse pormenor \u00e9 vis\u00edvel n\u00e3o s\u00f3 em fotografias partilhadas por Liliana nos stories do Instagram, como tamb\u00e9m em v\u00eddeos- da influencer, nomeadamente um em que surge com a filha, Ariel.\u00a0<\/p>\n<p><strong>Alegada separa\u00e7\u00e3o\u00a0 &#8216;cai como bomba&#8217;<\/strong> <\/p>\n<p>A not\u00edcia caiu como uma bomba nas reda\u00e7\u00f5es. Liliana Filipa e Daniel Greg\u00f3rio estar\u00e3o separados. A informa\u00e7\u00e3o ainda n\u00e3o foi confirmada oficialmente, mas uma fonte pr\u00f3xima relatou que a influencer est\u00e1 muito abalada, ap\u00f3s a suposta separa\u00e7\u00e3o.<\/p>\n<p>\u00c9 que um canal de televis\u00e3o revelou imagens chocantes, de uma alegada trai\u00e7\u00e3o de Daniel Greg\u00f3rio. O referido v\u00eddeo ter\u00e1 sido captado no Algarve recentemente e, alegadamente, mostra o ex-concorrente muito pr\u00f3ximo de outra mulher.<\/p>\n<p>Recorde-se que Liliana Filipa e Daniel Greg\u00f3rio estavam noivos. Os dois ex-concorrentes estavam juntos j\u00e1 h\u00e1 11 anos. T\u00eam dois filhos em comum e estavam, tamb\u00e9m, a construir o lar dos sonhos.<\/p>\n<p>At\u00e9 ao momento, tanto Liliana Filipa como Daniel Greg\u00f3rio permanecem em sil\u00eancio e ainda n\u00e3o negaram as not\u00edcias.\u00a0 Contudo, Daniel Greg\u00f3rio ter\u00e1 garantido a um comentador social que ele e a mulher do v\u00eddeo est\u00e3o apenas a falar ao ouvido um do outro.<\/p>\n<p><strong>Recados enigm\u00e1ticos<\/strong> <\/p>\n<p>Depois dos rumores, Liliana Filipa quebrou o sil\u00eancio ao fazer<a href=\"https:\/\/www.instagram.com\/p\/DQ37856DNcn\/?hl=pt&amp;img_index=14\" rel=\"nofollow noopener\" target=\"_blank\">\u00a0um post de Instagram com um update nas obras da sua casa de sonho<\/a>,\u00a0uma moradia de luxo que est\u00e1 a construir com Daniel Greg\u00f3rio.\u00a0<\/p>\n<p>Liliana Filipa publicou imagens da obra, assim como de alguns materiais que est\u00e1 a usar na decora\u00e7\u00e3o: \u00abApaixonada pelo processo de construir e decorar a minha casa de sonhos\u00bb. Para al\u00e9m disso, deixou tamb\u00e9m recados em pacotes de a\u00e7\u00facar.<\/p>\n<blockquote class=\"instagram-media\" data-instgrm-captioned=\"\" data-instgrm-permalink=\"https:\/\/www.instagram.com\/p\/DQ37856DNcn\/?utm_source=ig_embed&amp;utm_campaign=loading\" data-instgrm-version=\"14\" style=\" background:#FFF; border:0; border-radius:3px; box-shadow:0 0 1px 0 rgba(0,0,0,0.5),0 1px 10px 0 rgba(0,0,0,0.15); margin: 1px; max-width:540px; min-width:326px; padding:0; width:99.375%; width:-webkit-calc(100% - 2px); width:calc(100% - 2px);\">\n<\/blockquote>\n<p>\u00a0<\/p>\n<p>\u00a0\u00abA vida \u00e9 10% o que acontece e 90% como reages\u00bb e \u00abH\u00e1 ladr\u00f5es que ficam impunes, mas que roubam o que h\u00e1 de mais precioso: o tempo\u00bb, l\u00ea-se nos pacotes de a\u00e7\u00facar partilhados por Liliana Filipa.\u00a0<\/p>\n<p>Percorra a galeria de fotografias que prepar\u00e1mos para si com as imagens partilhadas por Liliana Filipa.\u00a0<\/p>\n<p>\u00a0<\/p>\n<p><strong>Identidade revelada<\/strong> <\/p>\n<p>\u00a0Mas afinal, quem \u00e9 a mulher por tr\u00e1s desta alegada trai\u00e7\u00e3o? A tar\u00f3loga Maya, comentadora do programa &#8216;Noite das Estrelas&#8217;, da CMTV, revelou a identidade desta mulher mist\u00e9rio e contou detalhes sobre a mesma que at\u00e9 \u00e0 data ainda n\u00e3o tinham sido conhecidos.\u00a0<\/p>\n<p>\u00abO Daniel (Greg\u00f3rio) foi assistir ao MotoGP com o irm\u00e3o e, depois, \u00e0 noite, encontrou esta senhora, esta mulher portuguesa. Eu insisto em dizer que \u00e9 portuguesa porque no &#8216;Manh\u00e3 CM&#8217; disseram que era estrangeira e n\u00e3o \u00e9. Ela chama-se Raquel, n\u00e3o vou dizer o apelido, o v\u00eddeo chegou at\u00e9 ao Correio da Manh\u00e3 e a bomba rebentou\u00bb, disse.\u00a0<\/p>\n<p><strong>Liliana quebra o sil\u00eancio<\/strong> <\/p>\n<p><strong>Liliana Filipa quebrou o sil\u00eancio sobre a pol\u00e9mica em que tem estado envolvida,<\/strong> <a href=\"https:\/\/tvi.iol.pt\/secretstory\/liliana-filipa\/daniel-gregorio\/milhoes-de-euros-em-jogo-possivel-separacao-de-liliana-filipa-e-daniel-gregorio-podera-trazer-problemas\" rel=\"nofollow noopener\" target=\"_blank\">depois de terem sido divulgadas imagens de Daniel Greg\u00f3rio aos beijos com outra mulher, numa discoteca.<\/a>\u00a0 A <strong>ex-concorrente do Secret Story<\/strong> recorreu \u00e0s redes sociais para garantir que, tanto ela, como Daniel, est\u00e3o a tomar \u00abdecis\u00f5es dif\u00edceis\u00bb.<\/p>\n<p>\u00abEstes \u00faltimos dias t\u00eam sido intensos e precisei de algum tempo para conseguir digerir tudo. Quero agradecer, do fundo do cora\u00e7\u00e3o, todas as mensagens de carinho e empatia que tenho recebido. <a href=\"https:\/\/tvi.iol.pt\/secretstory\/daniel-gregorio\/liliana-filipa\/novos-detalhes-sobre-a-casa-de-sonho-de-liliana-filipa-e-daniel-gregorio-indicam-possivel-separacao\" rel=\"nofollow noopener\" target=\"_blank\">Fizeram mais diferen\u00e7a do que imaginam<\/a>\u00bb, come\u00e7ou por escrever Liliana Filipa, num story partilhado esta quinta-feira, 13 de novembro, no Instagram.<\/p>\n<p>E prosseguiu: \u00abDepois de todas as not\u00edcias, compreendo naturalmente a curiosidade, mas este \u00e9 um assunto profundamente delicado, que estou a tratar com a calma, respeito e a maturidade que tantos anos de hist\u00f3ria merecem. <strong>Foram dias de muitas emo\u00e7\u00f5es e de decis\u00f5es dif\u00edceis. Decis\u00f5es que, por mais duras que sejam, j\u00e1 foram tomadas, com clareza e consci\u00eancia<\/strong>\u00bb.<\/p>\n<p>A<a href=\"https:\/\/tvi.iol.pt\/secretstory\/noticias\" rel=\"nofollow noopener\" target=\"_blank\"> influencer explicou que est\u00e1 \u00abfocada em garantir estabilidade naquilo que realmente importa neste momento\u00bb<\/a>:\u00a0 Aquilo que mais preciso \u00e9 de alguma paz, compreens\u00e3o e privacidade para gerir esta nova fase da minha vida. <strong>A minha maior preocupa\u00e7\u00e3o e prioridade neste momento \u00e9 proteger o bem-estar dos meus filhos<\/strong>\u00bb.<\/p>\n<p>\u00abObrigada por estarem aqui. <strong>A vossa presen\u00e7a e carinho t\u00eam sido um abra\u00e7o enorme<\/strong>\u00bb, findou.<\/p>\n<p>Divulgadas imagens do dia da alegada trai\u00e7\u00e3o<\/p>\n<p>\u00a0<\/p>\n<p>\u00a0<\/p>\n<p>\u00a0<\/p>\n<p>                        <script async src=\"\/\/www.instagram.com\/embed.js\"><\/script><\/p>\n","protected":false},"excerpt":{"rendered":"N\u00e3o se fala noutra coisa: Liliana Filipa e Daniel Greg\u00f3rio estar\u00e3o separados devido a uma alegada trai\u00e7\u00e3o da&hellip;\n","protected":false},"author":2,"featured_media":156008,"comment_status":"","ping_status":"","sticky":false,"template":"","format":"standard","meta":{"footnotes":""},"categories":[142],"tags":[18706,9679,114,115,18705,3436,32,33,151,18704],"class_list":{"0":"post-156007","1":"post","2":"type-post","3":"status-publish","4":"format-standard","5":"has-post-thumbnail","7":"category-tv","8":"tag-bastidores-secret-story","9":"tag-daniel-gregorio","10":"tag-entertainment","11":"tag-entretenimento","12":"tag-entrevistas-concorrentes-tvi","13":"tag-liliana-filipa","14":"tag-portugal","15":"tag-pt","16":"tag-tv","17":"tag-vida-fora-da-casa"},"share_on_mastodon":{"url":"https:\/\/pubeurope.com\/@pt\/115568557614890370","error":""},"_links":{"self":[{"href":"https:\/\/www.europesays.com\/pt\/wp-json\/wp\/v2\/posts\/156007","targetHints":{"allow":["GET"]}}],"collection":[{"href":"https:\/\/www.europesays.com\/pt\/wp-json\/wp\/v2\/posts"}],"about":[{"href":"https:\/\/www.europesays.com\/pt\/wp-json\/wp\/v2\/types\/post"}],"author":[{"embeddable":true,"href":"https:\/\/www.europesays.com\/pt\/wp-json\/wp\/v2\/users\/2"}],"replies":[{"embeddable":true,"href":"https:\/\/www.europesays.com\/pt\/wp-json\/wp\/v2\/comments?post=156007"}],"version-history":[{"count":0,"href":"https:\/\/www.europesays.com\/pt\/wp-json\/wp\/v2\/posts\/156007\/revisions"}],"wp:featuredmedia":[{"embeddable":true,"href":"https:\/\/www.europesays.com\/pt\/wp-json\/wp\/v2\/media\/156008"}],"wp:attachment":[{"href":"https:\/\/www.europesays.com\/pt\/wp-json\/wp\/v2\/media?parent=156007"}],"wp:term":[{"taxonomy":"category","embeddable":true,"href":"https:\/\/www.europesays.com\/pt\/wp-json\/wp\/v2\/categories?post=156007"},{"taxonomy":"post_tag","embeddable":true,"href":"https:\/\/www.europesays.com\/pt\/wp-json\/wp\/v2\/tags?post=156007"}],"curies":[{"name":"wp","href":"https:\/\/api.w.org\/{rel}","templated":true}]}}