{"id":156009,"date":"2025-11-18T03:22:17","date_gmt":"2025-11-18T03:22:17","guid":{"rendered":"https:\/\/www.europesays.com\/pt\/156009\/"},"modified":"2025-11-18T03:22:17","modified_gmt":"2025-11-18T03:22:17","slug":"nova-musica-do-megadeth-desbanca-temporariamente-taylor-swift-no-itunes-dos-eua","status":"publish","type":"post","link":"https:\/\/www.europesays.com\/pt\/156009\/","title":{"rendered":"Nova m\u00fasica do Megadeth desbanca &#8211; temporariamente &#8211; Taylor Swift no iTunes dos EUA"},"content":{"rendered":"<p>O <a href=\"https:\/\/whiplash.net\/bandas\/m\/megadeth.html\" class=\"hotwords\" rel=\"nofollow noopener\" target=\"_blank\">Megadeth<\/a> lan\u00e7ou m\u00fasica nova na \u00faltima sexta-feira (14 de novembro). Intitulada &#8220;I Don&#8217;t Care&#8221;, a faixa integra o \u00e1lbum autointitulado que encerrar\u00e1 a discografia do quarteto liderado pelo guitarrista e vocalista <a href=\"https:\/\/whiplash.net\/bandas\/d\/davemustaine.html\" class=\"hotwords\" rel=\"nofollow noopener\" target=\"_blank\">Dave Mustaine<\/a>. O single chegou com for\u00e7a: logo ap\u00f3s o lan\u00e7amento, alcan\u00e7ou o topo do iTunes nos Estados Unidos, ainda que por um curto per\u00edodo.<\/p>\n<p>De acordo com mat\u00e9ria publicada pela <a href=\"https:\/\/www.forbes.com\/sites\/hughmcintyre\/2025\/11\/14\/megadeth-hits-no-1-shortly-before-calling-it-quits\/\" rel=\"nofollow noopener\" target=\"_blank\">Forbes<\/a>, o novo single atingiu o primeiro lugar da plataforma, superando concorrentes extremamente populares. Por alguns instantes, a faixa chegou a desbancar &#8220;The Fate of Ophelia&#8221;, de Taylor Swift.<\/p>\n<p><a href=\"https:\/\/whiplash.net\/bandas\/m\/megadeth.html\" class=\"linkBotao\" rel=\"nofollow noopener\" target=\"_blank\">Megadeth &#8211; Mais Novidades<\/a><\/p>\n<p>CONTINUA DEPOIS DA PUBLICIDADE &#8211; CLI<\/p>\n<p>&#13;<br \/>\n&#13;<br \/>\n&#13;<br \/>\n&#13;<br \/>\n&#13;<br \/>\n&#13;<br \/>\n&#13;<br \/>\n&#13;<br \/>\n<a href=\"https:\/\/whiplash.net\/materias\/whiplash\/027002.html\" rel=\"nofollow noopener\" target=\"_blank\"><img decoding=\"async\" src=\"https:\/\/www.europesays.com\/pt\/wp-content\/uploads\/2025\/10\/1760413028_813_anunciar_diabo_336x280.gif\" loading=\"lazy\" width=\"336\" height=\"280\" class=\"widthConstrained\" style=\"background-color:#000000;display:block;\" alt=\"Anunciar bandas e shows de Rock e Heavy Metal\"\/><\/a>&#13;<\/p>\n<p><a target=\"_blank\" href=\"https:\/\/www.europesays.com\/pt\/wp-content\/uploads\/2025\/09\/megadeth_2025b.jpg\"><img loading=\"lazy\" decoding=\"async\" src=\"https:\/\/www.europesays.com\/pt\/wp-content\/uploads\/2025\/09\/megadeth_2025b.jpg\" class=\"widthConstrained\" width=\"700\" height=\"700\" alt=\"\"\/><\/a><\/p>\n<p>Al\u00e9m da estrela pop, a m\u00fasica do Megadeth deixou para tr\u00e1s outros nomes em alta nas paradas digitais, como Alex Warren, com &#8220;Ordinary&#8221;, e o grupo KPop Demon Hunters, com &#8220;Golden&#8221;. O desempenho evidencia a for\u00e7a que o Megadeth ainda exerce ap\u00f3s quatro d\u00e9cadas de estrada. No entanto, &#8220;I Don&#8217;t Care&#8221; j\u00e1 n\u00e3o se encontra mais na lideran\u00e7a &#8211; tampouco no top 100 &#8211; <a href=\"https:\/\/music.apple.com\/br\/playlist\/top-100-estados-unidos\/pl.606afcbb70264d2eb2b51d8dbcfa6a12\" rel=\"nofollow noopener\" target=\"_blank\">ao menos na manh\u00e3 desta segunda-feira (17)<\/a>, quando esta not\u00edcia est\u00e1 sendo editada.<\/p>\n<p>CONTINUA DEPOIS DA PUBLICIDADE &#8211; GOO<\/p>\n<p>&#13;<br \/>\n&#13;<br \/>\n&#13;<br \/>\n&#13;<br \/>\n<a href=\"https:\/\/whiplash.net\/materias\/whiplash\/027002.html\" rel=\"nofollow noopener\" target=\"_blank\"><img decoding=\"async\" src=\"https:\/\/www.europesays.com\/pt\/wp-content\/uploads\/2025\/10\/1760413028_813_anunciar_diabo_336x280.gif\" loading=\"lazy\" width=\"336\" height=\"280\" alt=\"Anunciar no Whiplash.Net\"\/><\/a>&#13;<br \/>\n&#13;<br \/>\n&#13;<br \/>\n&#13;<br \/>\n&#13;<br \/>\n&#13;<br \/>\n<a href=\"https:\/\/whiplash.net\/materias\/whiplash\/027002.html\" rel=\"nofollow noopener\" target=\"_blank\"><img decoding=\"async\" src=\"https:\/\/www.europesays.com\/pt\/wp-content\/uploads\/2025\/10\/1760413028_813_anunciar_diabo_336x280.gif\" loading=\"lazy\" width=\"336\" height=\"280\" class=\"widthConstrained\" style=\"background-color:#000000;display:block;\" alt=\"Anunciar bandas e shows de Rock e Heavy Metal\"\/><\/a>&#13;<\/p>\n<p>Segundo single de &#8220;Megadeth&#8221;, &#8220;I Don&#8217;t Care&#8221; d\u00e1 continuidade a &#8220;Tipping Point&#8221;, faixa lan\u00e7ada em outubro. O \u00e1lbum completo tem lan\u00e7amento previsto para 23 de janeiro do pr\u00f3ximo ano, <a href=\"https:\/\/whiplash.net\/materias\/news_677\/374045-megadeth.html\" rel=\"nofollow noopener\" target=\"_blank\">e a turn\u00ea de divulga\u00e7\u00e3o &#8211; que passar\u00e1 pelo Brasil &#8211; ser\u00e1 a \u00faltima da ic\u00f4nica banda de thrash metal<\/a>.<\/p>\n<p>CONTINUA DEPOIS DA PUBLICIDADE &#8211; CLI<\/p>\n<p>&#13;<br \/>\n&#13;<br \/>\n&#13;<br \/>\n&#13;<br \/>\n&#13;<br \/>\n&#13;<br \/>\n&#13;<br \/>\n&#13;<br \/>\n<a href=\"https:\/\/whiplash.net\/materias\/whiplash\/027002.html\" rel=\"nofollow noopener\" target=\"_blank\"><img decoding=\"async\" src=\"https:\/\/www.europesays.com\/pt\/wp-content\/uploads\/2025\/10\/1760413028_813_anunciar_diabo_336x280.gif\" loading=\"lazy\" width=\"336\" height=\"280\" class=\"widthConstrained\" style=\"background-color:#000000;display:block;\" alt=\"Anunciar bandas e shows de Rock e Heavy Metal\"\/><\/a>&#13;<\/p>\n","protected":false},"excerpt":{"rendered":"O Megadeth lan\u00e7ou m\u00fasica nova na \u00faltima sexta-feira (14 de novembro). Intitulada &#8220;I Don&#8217;t Care&#8221;, a faixa integra&hellip;\n","protected":false},"author":2,"featured_media":86637,"comment_status":"","ping_status":"","sticky":false,"template":"","format":"standard","meta":{"footnotes":""},"categories":[141],"tags":[114,115,149,150,32,33],"class_list":{"0":"post-156009","1":"post","2":"type-post","3":"status-publish","4":"format-standard","5":"has-post-thumbnail","7":"category-musica","8":"tag-entertainment","9":"tag-entretenimento","10":"tag-music","11":"tag-musica","12":"tag-portugal","13":"tag-pt"},"share_on_mastodon":{"url":"https:\/\/pubeurope.com\/@pt\/115568558000515511","error":""},"_links":{"self":[{"href":"https:\/\/www.europesays.com\/pt\/wp-json\/wp\/v2\/posts\/156009","targetHints":{"allow":["GET"]}}],"collection":[{"href":"https:\/\/www.europesays.com\/pt\/wp-json\/wp\/v2\/posts"}],"about":[{"href":"https:\/\/www.europesays.com\/pt\/wp-json\/wp\/v2\/types\/post"}],"author":[{"embeddable":true,"href":"https:\/\/www.europesays.com\/pt\/wp-json\/wp\/v2\/users\/2"}],"replies":[{"embeddable":true,"href":"https:\/\/www.europesays.com\/pt\/wp-json\/wp\/v2\/comments?post=156009"}],"version-history":[{"count":0,"href":"https:\/\/www.europesays.com\/pt\/wp-json\/wp\/v2\/posts\/156009\/revisions"}],"wp:featuredmedia":[{"embeddable":true,"href":"https:\/\/www.europesays.com\/pt\/wp-json\/wp\/v2\/media\/86637"}],"wp:attachment":[{"href":"https:\/\/www.europesays.com\/pt\/wp-json\/wp\/v2\/media?parent=156009"}],"wp:term":[{"taxonomy":"category","embeddable":true,"href":"https:\/\/www.europesays.com\/pt\/wp-json\/wp\/v2\/categories?post=156009"},{"taxonomy":"post_tag","embeddable":true,"href":"https:\/\/www.europesays.com\/pt\/wp-json\/wp\/v2\/tags?post=156009"}],"curies":[{"name":"wp","href":"https:\/\/api.w.org\/{rel}","templated":true}]}}