{"id":156037,"date":"2025-11-18T04:03:21","date_gmt":"2025-11-18T04:03:21","guid":{"rendered":"https:\/\/www.europesays.com\/pt\/156037\/"},"modified":"2025-11-18T04:03:21","modified_gmt":"2025-11-18T04:03:21","slug":"claudio-ramos-revela-informacoes-sobre-a-amizade-de-ana-cristina-e-raquel-ca-fora-tvi","status":"publish","type":"post","link":"https:\/\/www.europesays.com\/pt\/156037\/","title":{"rendered":"Cl\u00e1udio Ramos revela informa\u00e7\u00f5es sobre a amizade de Ana Cristina e Raquel c\u00e1 fora &#8211; TVI"},"content":{"rendered":"<ol>\n<li><a href=\"https:\/\/news.google.com\/rss\/articles\/CBMi1wFBVV95cUxPMWpnODBQRGh0QzZHWlRBenJkdDNzMEFqdjBES0hDTloxN1EwWEZjc1RFZ09QdzBNZVY5d0IzRDJNTkdfd2hjTEI1YkdHRkd0ZXdkNEFyaVhfNTJUVlRCbkw1R3dPOGRIVTl0YXJzQ216cE02MWJxZnpTREk3a09udk1hVW1EWmNFNl9yeWNuSEptd0hLb0RrLXdVXzhwdGNKOE5HeE85OVZiNWxFOUprMEVwTzBLcTNtbUNybEwwNXhuVXU4YnlnZEJiQktTN0dCNFo5UFFUMA?oc=5\" target=\"_blank\" rel=\"nofollow noopener\">Cl\u00e1udio Ramos revela informa\u00e7\u00f5es sobre a amizade de Ana Cristina e Raquel c\u00e1 fora<\/a>&nbsp;&nbsp;TVI<\/li>\n<li><a href=\"https:\/\/news.google.com\/rss\/articles\/CBMilgFBVV95cUxQWThrUmFhZkRmMzVwT215RnlFZEM1NjY5STJOT0pOODRVY2ZiTmVYdUtaZEFGMTUta0pQYzBXZkdPVHd1aFUyejQwNXl1Tll3cUJIVkkzOWcyNW1SOU5iZldUVHdNeWZ0RDNtbVdTUEMwR1NkWDBZUE56Tjk4cnowampMS3JmcFdEM3hwa25hNkdPNTNjcnc?oc=5\" target=\"_blank\" rel=\"nofollow noopener\">Gala do \u2018Secret Story\u2019 promete \u201cteste\u201d \u00e0s alian\u00e7as e decis\u00f5es importantes<\/a>&nbsp;&nbsp;Hiper Fm<\/li>\n<li><a href=\"https:\/\/news.google.com\/rss\/articles\/CBMitwFBVV95cUxNVTk5QVppR0JTRlBkWHc2TDR1VXZIejU3SjVjcGpfVUk0aVRzU1NJM1p3ajQwSVVCRnBKV0xjSC00TUtqdWR6RWhaOHNGSFNKejZiMmpPb19BdjVDM3ZJSGNOZDRxM3UxNkhwNjlOMC11ZkRvbGFLdnVicExUZUZUSXFSYUVRby01MF9jUlZqV09rdFBXNGc3UnVIdkRDNmUzNVZCaV9jRGdHd3B5REFGd2tYNnQyOFU?oc=5\" target=\"_blank\" rel=\"nofollow noopener\">Casa dos Segredos: Surpresa! Este \u00e9 o concorrente expulso este domingo<\/a>&nbsp;&nbsp;SAPO<\/li>\n<li><a href=\"https:\/\/news.google.com\/rss\/articles\/CBMihwFBVV95cUxNYmcwcm1ldXA4VGpPeWp5cUoxSThJcjY0Q1UwTWlRX3BxSVdYSjcxWHdhck1PZGtFdVUyVU5HVlctckxpT05mZElhUThrX0N1OVFvMUEzeDFEcWRuZTJSamVSNnRZcGJZb2xZLS1CUWhQN19lUGIya1dFcHRWY21vUnFjTnM4a2M?oc=5\" target=\"_blank\" rel=\"nofollow noopener\">Secret Story 9 &#8211; O segundo salvo da noite, \u00e9 claro o Leandro<\/a>&nbsp;&nbsp;Dioguinho<\/li>\n<li><a href=\"https:\/\/news.google.com\/rss\/articles\/CBMi0wFBVV95cUxPN2QzUERkU1lDdFZBNUlNZ2tCZVRDQ0QxUFQwc2xDbzBISkdCYkFzSkZCcV9Pd0p6MU9xc3pOckY5Y0QtLS1FMVN0TThBc2cxNkpud1NtbTdVa2pRZ2dfbWxad08zTlItc2dJam9ob0szNkhLTmp2aGlnOGF5MXRFb081dW5PNVZyUUxrV0ZSd3dmeDI5b3BaOFVNU0cwNHEwTF9tN2JYSkpBaWVjMjZqRnNlX24xdFVRY0VmT2Y1aFBKU2JHTFptZlVzRFI3YmY1RTBJ?oc=5\" target=\"_blank\" rel=\"nofollow noopener\">Ana Cristina anuncia que se vai propor a ser doadora de medula \u00f3ssea do filho de convidados do &#8216;Dois \u00e0s 10&#8217;<\/a>&nbsp;&nbsp;A Televis\u00e3o<\/li>\n<\/ol>\n","protected":false},"excerpt":{"rendered":"Cl\u00e1udio Ramos revela informa\u00e7\u00f5es sobre a amizade de Ana Cristina e Raquel c\u00e1 fora&nbsp;&nbsp;TVI Gala do \u2018Secret Story\u2019&hellip;\n","protected":false},"author":2,"featured_media":156038,"comment_status":"","ping_status":"","sticky":false,"template":"","format":"standard","meta":{"footnotes":""},"categories":[142],"tags":[19725,329,166,3412,3406,3409,801,3410,3411,3407,3408,114,115,3413,338,32,33,5936,16686,151],"class_list":{"0":"post-156037","1":"post","2":"type-post","3":"status-publish","4":"format-standard","5":"has-post-thumbnail","7":"category-tv","8":"tag-ana-cristina","9":"tag-claudio-ramos","10":"tag-cristina-ferreira","11":"tag-dois-10","12":"tag-dois-a-s-10-dois-a-s-10","13":"tag-dois-a-s-dez","14":"tag-dois-as-10","15":"tag-dois-as-dez","16":"tag-dois-dez","17":"tag-doisas10","18":"tag-doisasdez","19":"tag-entertainment","20":"tag-entretenimento","21":"tag-manha-tvi","22":"tag-maria-botelho-moniz","23":"tag-portugal","24":"tag-pt","25":"tag-raquel","26":"tag-secret-story-9","27":"tag-tv"},"share_on_mastodon":{"url":"https:\/\/pubeurope.com\/@pt\/115568718829767009","error":""},"_links":{"self":[{"href":"https:\/\/www.europesays.com\/pt\/wp-json\/wp\/v2\/posts\/156037","targetHints":{"allow":["GET"]}}],"collection":[{"href":"https:\/\/www.europesays.com\/pt\/wp-json\/wp\/v2\/posts"}],"about":[{"href":"https:\/\/www.europesays.com\/pt\/wp-json\/wp\/v2\/types\/post"}],"author":[{"embeddable":true,"href":"https:\/\/www.europesays.com\/pt\/wp-json\/wp\/v2\/users\/2"}],"replies":[{"embeddable":true,"href":"https:\/\/www.europesays.com\/pt\/wp-json\/wp\/v2\/comments?post=156037"}],"version-history":[{"count":0,"href":"https:\/\/www.europesays.com\/pt\/wp-json\/wp\/v2\/posts\/156037\/revisions"}],"wp:featuredmedia":[{"embeddable":true,"href":"https:\/\/www.europesays.com\/pt\/wp-json\/wp\/v2\/media\/156038"}],"wp:attachment":[{"href":"https:\/\/www.europesays.com\/pt\/wp-json\/wp\/v2\/media?parent=156037"}],"wp:term":[{"taxonomy":"category","embeddable":true,"href":"https:\/\/www.europesays.com\/pt\/wp-json\/wp\/v2\/categories?post=156037"},{"taxonomy":"post_tag","embeddable":true,"href":"https:\/\/www.europesays.com\/pt\/wp-json\/wp\/v2\/tags?post=156037"}],"curies":[{"name":"wp","href":"https:\/\/api.w.org\/{rel}","templated":true}]}}