{"id":156049,"date":"2025-11-18T04:21:19","date_gmt":"2025-11-18T04:21:19","guid":{"rendered":"https:\/\/www.europesays.com\/pt\/156049\/"},"modified":"2025-11-18T04:21:19","modified_gmt":"2025-11-18T04:21:19","slug":"conjunto-habitacional-realiza-o-sonho-da-casa-propria-para-moradores-de-corticos-de-santos-noticia","status":"publish","type":"post","link":"https:\/\/www.europesays.com\/pt\/156049\/","title":{"rendered":"Conjunto habitacional realiza o sonho da casa pr\u00f3pria para moradores de corti\u00e7os de Santos | Not\u00edcia"},"content":{"rendered":"<p>&#8220;Muitas emo\u00e7\u00f5es&#8221;. O bord\u00e3o utilizado pela saudosa <a href=\"#samara\">Samara Faustino<\/a> durante as suas d\u00e9cadas de luta por moradia deu o tom, na\u00a0manh\u00e3 de segunda-feira (17), em Santos, na entrega de chaves para 50 fam\u00edlias que residiam em corti\u00e7os da \u00e1rea central. Batizado em sua homenagem, o conjunto habitacional Santos I \u2013 Condom\u00ednio Edif\u00edcio Samara Faustino, localizado na Rua Amador Bueno, 432 (Paquet\u00e1), foi inaugurado, realizando o sonho da casa pr\u00f3pria dos novos moradores.<\/p>\n<p><img decoding=\"async\" alt=\"\" src=\"https:\/\/www.europesays.com\/pt\/wp-content\/uploads\/2025\/11\/cdhu_diego_matos_1167.jpg\"\/><\/p>\n<p>O conjunto conta com dois blocos, sendo um com 16 apartamentos e outro com 34. Do total, 25 unidades t\u00eam 40,66m\u00b2 e as outras 25 contam com \u00e1rea total de 44,66m\u00b2. Todos os 50 apartamentos t\u00eam dois dormit\u00f3rios, banheiro, sala, cozinha e \u00e1rea de servi\u00e7o. Al\u00e9m disso, h\u00e1 centro de conviv\u00eancia e \u00e1rea verde com paisagismo.<\/p>\n<p><img decoding=\"async\" alt=\"\" src=\"https:\/\/www.europesays.com\/pt\/wp-content\/uploads\/2025\/11\/cdhu_francisco_arrais_8995.jpg\"\/><\/p>\n<p>O empreendimento ainda tem unidades habitacionais para PCD (Pessoa com Defici\u00eancia) e apartamentos para idosos, al\u00e9m de vagas de estacionamento de carros, motos e PCD. Al\u00e9m disso, h\u00e1 biciclet\u00e1rio, \u00e1rea de lazer e um centro de apoio ao condom\u00ednio com copa e dois banheiros.\u00a0<\/p>\n<p><img decoding=\"async\" alt=\"\" src=\"https:\/\/www.europesays.com\/pt\/wp-content\/uploads\/2025\/11\/cdhu_francisco_arrais_9090.jpg\"\/><\/p>\n<p>PARCERIA<\/p>\n<p>O investimento \u00e9 resultado de conv\u00eanio da Prefeitura de Santos com a CDHU. As obras custaram R$ R$ 13.421.880,95, com recursos do Programa de Atua\u00e7\u00e3o em Corti\u00e7os, da empresa estatal. A Cohab foi a respons\u00e1vel pelo gerenciamento das obras e dos contratos.<\/p>\n<p><img decoding=\"async\" alt=\"\" src=\"https:\/\/www.europesays.com\/pt\/wp-content\/uploads\/2025\/11\/cdhu_francisco_arrais_9243.jpg\"\/><\/p>\n<p>\u201cPara n\u00f3s, \u00e9 o momento de v\u00e1rias felicidades. A maior felicidade \u00e9 entregar a chave para 50 fam\u00edlias. Estamos falando\u00a0de um potencial de 200 pessoas que passam a viver em uma habita\u00e7\u00e3o com dignidade. Dignidade todas essas fam\u00edlias t\u00eam e sempre tiveram, mas morar de uma maneira digna. Poder deitar na cama sabendo que est\u00e1 morando em seguran\u00e7a e saber que vai ter o documento que vai se perpetuar pela fam\u00edlia, de gera\u00e7\u00e3o em gera\u00e7\u00e3o\u201d, celebrou o prefeito Rog\u00e9rio Santos, durante a cerim\u00f4nia<\/p>\n<p><img decoding=\"async\" alt=\"\" src=\"https:\/\/www.europesays.com\/pt\/wp-content\/uploads\/2025\/11\/cdhu_francisco_arrais_9232.jpg\"\/>\u00a0<\/p>\n<p>O diretor presidente da Cohab Santista, Maur\u00edcio Prado, destaca a parceria que concretizou o empreendimento. \u201cEstamos felizes com a entrega deste novo conjunto habitacional, resultado de uma parceria de sucesso entre o Munic\u00edpio e o Governo do Estado, atrav\u00e9s da CDHU e a COHAB Santista, executado com recursos do Estado. Mais importante, principalmente, pelo atendimento a essa demanda de moradores de corti\u00e7os do Centro, que h\u00e1 muito n\u00e3o era atendida.\u201d.<\/p>\n<p>\u201cAqui, a gente encontrou uma estrutura adequada e a confian\u00e7a de colocar o recurso e confiar que fosse feita a execu\u00e7\u00e3o da obra e isso aconteceu muito bem\u201d, resume o diretor presidente da CDHU, Reinaldo Iapequino.<\/p>\n<p>NOVOS MORADORES<\/p>\n<p>A sele\u00e7\u00e3o dos contemplados foi feita com base em crit\u00e9rios estipulados no conv\u00eanio com a CDHU, atendendo fam\u00edlias cujas moradias apresentavam caracter\u00edsticas de precariedade construtiva, insalubridade, adensamento excessivo, aus\u00eancia de infraestrutura adequada ou risco de colapso estrutural identificado por laudo t\u00e9cnico emitido pelo Departamento de Prote\u00e7\u00e3o e Defesa Civil de Santos. As mudan\u00e7as ocorrer\u00e3o seguindo cronograma que come\u00e7a nesta ter\u00e7a-feira (18).<\/p>\n<p>Ao fim da cerim\u00f4nia, a primeira das portas dos 50 apartamentos foi aberta pela estudante do restaurante-escola <a href=\"https:\/\/www.estacaobistro.com.br\/\" target=\"_blank\" rel=\"nofollow noopener\">Esta\u00e7\u00e3o Bistr\u00f4<\/a>, Ruth Carolina Bas\u00edlio Ezequiel, que vai se mudar para o pr\u00e9dio com os dois filhos. \u201cEu n\u00e3o tenho nem como explicar\u00a0se eu choro, se\u00a0dou risada, se\u00a0tremo.\u00a0Eu estou muito feliz e satisfeita, muito realizada\u201d.<\/p>\n<p><img decoding=\"async\" alt=\"\" src=\"https:\/\/www.europesays.com\/pt\/wp-content\/uploads\/2025\/11\/cdhu_francisco_arrais_9246.jpg\"\/><\/p>\n<p>Prova de que pol\u00edticas sociais d\u00e3o resultados, Ruth j\u00e1 fez seis cursos do <a href=\"https:\/\/www.santos.sp.gov.br\/?q=portal\/salao-autoestima\" target=\"_blank\" rel=\"nofollow noopener\">Sal\u00e3o Autoestima<\/a>, se qualificando para atuar como cabeleireira, al\u00e9m de ter descoberto toda uma nova \u00e1rea de atua\u00e7\u00e3o no restaurante-escola. A casa pr\u00f3pria \u00e9 uma realiza\u00e7\u00e3o que vem trazer estabilidade para que ela siga agarrando oportunidades. \u201cMuda muito, hoje a Prefeitura veio para, literalmente, mudar a minha trajet\u00f3ria, porque eu busquei isso tamb\u00e9m, \u00e9 um conjunto m\u00fatuo. Pessoas precisam de pessoas&#8221;.<\/p>\n<p><a id=\"samara\" name=\"samara\">SAMARA FAUSTINO<\/a><\/p>\n<p>Samara Faustino foi uma das maiores lideran\u00e7as na luta por moradia digna da Cidade. Durante a vida, presidiu a Associa\u00e7\u00e3o dos Corti\u00e7os do Centro (ACC) de Santos e foi coordenadora executiva da Uni\u00e3o de Movimentos de Moradia de S\u00e3o Paulo (UMM-SP), al\u00e9m de ter participado da cria\u00e7\u00e3o da Associa\u00e7\u00e3o de Artes\u00e3s Ra\u00edzes Corticeiras e da Padaria Comunit\u00e1ria Um S\u00f3 Cora\u00e7\u00e3o. Tamb\u00e9m integrou a Central dos Movimentos Populares (CMP).<\/p>\n<p><img decoding=\"async\" alt=\"\" src=\"https:\/\/www.europesays.com\/pt\/wp-content\/uploads\/2025\/11\/cdhu_francisco_arrais_9025.jpg\"\/><\/p>\n<p>A anima\u00e7\u00e3o costumeira de Samara convivia com a garra de sua atua\u00e7\u00e3o na defesa dos direitos dos moradores dos corti\u00e7os, causa que n\u00e3o abandonou at\u00e9 o fim dos seus dias (faleceu em julho de 2023, v\u00edtima de\u00a0\u00a0infec\u00e7\u00e3o generalizada).\u00a0O pr\u00e9dio com o seu nome \u00e9 uma das <a href=\"https:\/\/www.santos.sp.gov.br\/?q=noticia\/samara-faustino-morre-aos-64-anos-e-dara-nome-a-conjunto-habitacional-em-santos\" target=\"_blank\" rel=\"nofollow noopener\">homenagens<\/a>\u00a0para ela.<\/p>\n<p>Filha de Samara, Graesnay Faustino esteve presente na assinatura do termo que formalizou e conjunto e relembra a luta da m\u00e3e, que acompanhou de perto. \u201cHoje significa a realiza\u00e7\u00e3o de um sonho de uma mulher. Desde 96, eu era crian\u00e7a e minha m\u00e3e saiu de casa para ir lutar por moradia. Ela n\u00e3o queria moradia apenas para a gente, para a nossa fam\u00edlia, ela queria pro vizinho do lado, pro vizinho da frente, apesar de n\u00e3o entender nada como que se fazia, ela foi \u00e0 luta e buscou&#8221;, conta.\u00a0<\/p>\n<p><img decoding=\"async\" alt=\"\" src=\"https:\/\/www.europesays.com\/pt\/wp-content\/uploads\/2025\/11\/cdhu_francisco_arrais_-_nay_faustino_9139.jpg\"\/><\/p>\n<p>PR\u00d3XIMAS UNIDADES<\/p>\n<p>Al\u00e9m das unidades entregues na manh\u00e3 de segunda, est\u00e3o previstas outras 113 unidades no conjunto Santos L, que ser\u00e1 erguido no Centro, destinadas aos moradores dos corti\u00e7os.<\/p>\n<p>Os preparativos para as obras j\u00e1 come\u00e7aram, com a contrata\u00e7\u00e3o de servi\u00e7os \u00a0para elabora\u00e7\u00e3o de ensaio de sondagem, levantamento topogr\u00e1fico e planialtim\u00e9trico cadastral e laudo geot\u00e9cnico de funda\u00e7\u00f5es e conten\u00e7\u00f5es do terreno onde ser\u00e3o <a href=\"https:\/\/www.santos.sp.gov.br\/?q=noticia\/cohab-santista-inicia-preparativos-para-as-obras-do-conjunto-habitacional-santos-l\" target=\"_blank\" rel=\"nofollow noopener\">constru\u00eddas<\/a> as unidades habitacionais.<\/p>\n<p>\u00a0<\/p>\n<p>Esta iniciativa contempla o item 11 dos Objetivos do Desenvolvimento Sustent\u00e1vel da ONU: Cidades e Sustent\u00e1veis. Conhe\u00e7a os outros itens do <a href=\"https:\/\/brasil.un.org\/pt-br\/sdgshttps:\/\/brasil.un.org\/pt-br\/sdgs\" rel=\"nofollow noopener\" target=\"_blank\">ODS<\/a> <\/p>\n<p>Fotos: Francisco Arrais e Diego Matos<\/p>\n","protected":false},"excerpt":{"rendered":"&#8220;Muitas emo\u00e7\u00f5es&#8221;. O bord\u00e3o utilizado pela saudosa Samara Faustino durante as suas d\u00e9cadas de luta por moradia deu&hellip;\n","protected":false},"author":2,"featured_media":156050,"comment_status":"","ping_status":"","sticky":false,"template":"","format":"standard","meta":{"footnotes":""},"categories":[86],"tags":[33536,33537,456,116,32,33,117],"class_list":{"0":"post-156049","1":"post","2":"type-post","3":"status-publish","4":"format-standard","5":"has-post-thumbnail","7":"category-saude","8":"tag-cohab","9":"tag-gabinete-do-prefeito","10":"tag-habitacao","11":"tag-health","12":"tag-portugal","13":"tag-pt","14":"tag-saude"},"share_on_mastodon":{"url":"https:\/\/pubeurope.com\/@pt\/115568789895767457","error":""},"_links":{"self":[{"href":"https:\/\/www.europesays.com\/pt\/wp-json\/wp\/v2\/posts\/156049","targetHints":{"allow":["GET"]}}],"collection":[{"href":"https:\/\/www.europesays.com\/pt\/wp-json\/wp\/v2\/posts"}],"about":[{"href":"https:\/\/www.europesays.com\/pt\/wp-json\/wp\/v2\/types\/post"}],"author":[{"embeddable":true,"href":"https:\/\/www.europesays.com\/pt\/wp-json\/wp\/v2\/users\/2"}],"replies":[{"embeddable":true,"href":"https:\/\/www.europesays.com\/pt\/wp-json\/wp\/v2\/comments?post=156049"}],"version-history":[{"count":0,"href":"https:\/\/www.europesays.com\/pt\/wp-json\/wp\/v2\/posts\/156049\/revisions"}],"wp:featuredmedia":[{"embeddable":true,"href":"https:\/\/www.europesays.com\/pt\/wp-json\/wp\/v2\/media\/156050"}],"wp:attachment":[{"href":"https:\/\/www.europesays.com\/pt\/wp-json\/wp\/v2\/media?parent=156049"}],"wp:term":[{"taxonomy":"category","embeddable":true,"href":"https:\/\/www.europesays.com\/pt\/wp-json\/wp\/v2\/categories?post=156049"},{"taxonomy":"post_tag","embeddable":true,"href":"https:\/\/www.europesays.com\/pt\/wp-json\/wp\/v2\/tags?post=156049"}],"curies":[{"name":"wp","href":"https:\/\/api.w.org\/{rel}","templated":true}]}}