{"id":156059,"date":"2025-11-18T04:42:08","date_gmt":"2025-11-18T04:42:08","guid":{"rendered":"https:\/\/www.europesays.com\/pt\/156059\/"},"modified":"2025-11-18T04:42:08","modified_gmt":"2025-11-18T04:42:08","slug":"foto-de-wagner-moura-no-perfil-oficial-do-oscar-ja-supera-engajamento-na-publicacao-de-tom-cruise","status":"publish","type":"post","link":"https:\/\/www.europesays.com\/pt\/156059\/","title":{"rendered":"Foto de Wagner Moura no perfil oficial do Oscar j\u00e1 supera engajamento na publica\u00e7\u00e3o de Tom Cruise"},"content":{"rendered":"<p>O Governors Awards, evento oficial da Academia de Artes e Ci\u00eancias Cinematogr\u00e1ficas dos Estados Unidos, ocorreu neste domingo, dia 16, no The Ray Dolby Ballroom em Hollywood, Calif\u00f3rnia. O evento recebeu diversas estrelas em seu tapete vermelho. Entre elas, estava Wagner Moura, estrela de <strong><a href=\"https:\/\/www.correiodopovo.com.br\/arteagenda\/conheca-a-trajetoria-nacional-e-internacional-de-o-agente-secreto-1.1648497\" target=\"_blank\" rel=\"nofollow noopener\">\u201cO Agente Secreto\u201d<\/a><\/strong>, longa que pode ser <strong><a href=\"https:\/\/www.correiodopovo.com.br\/arteagenda\/o-agente-secreto-de-kleber-mendonca-ira-representar-o-brasil-no-oscar-2026-1.1648432\" target=\"_blank\" rel=\"nofollow noopener\">indicado ao Oscar<\/a><\/strong> e \u00e9 o representante do Brasil neste ano. <\/p>\n<p>A foto do ator foi publicada na tarde desta segunda-feira, dia 17, no perfil oficial do Instagram da Academia. Em poucas horas, o post j\u00e1 ultrapassa 77 mil curtidas e 22 mil coment\u00e1rios, superando publica\u00e7\u00f5es com fotos de <strong><a href=\"https:\/\/www.correiodopovo.com.br\/arteagenda\/tom-cruise-recebe-oscar-honorario-por-sua-carreira-1.1668134\" target=\"_blank\" rel=\"nofollow noopener\">Tom Cruise<\/a><\/strong> e Michael B. Jordan. <\/p>\n<p>O fen\u00f4meno dos brasileiros nas redes sociais se repetiu, j\u00e1 que no ano passado <strong><a href=\"https:\/\/www.correiodopovo.com.br\/topicos\/Tag\/%20Fernanda%20Torres\" target=\"_blank\" rel=\"nofollow noopener\">Fernanda Torres<\/a><\/strong>, indicada ao Oscar de Melhor Atriz por \u201cAinda Estou Aqui\u201d, tamb\u00e9m bateu recordes de coment\u00e1rios e curtidas em suas fotos postadas pelo mesmo perfil. Hoje, a foto da atriz que viralizou conta com mais de 2 milh\u00f5es de curtidas.<\/p>\n<p>O ator brasileiro \u00e9 cotado para o Oscar de Melhor Ator por \u201cO Agente Secreto\u201d, de Kleber Mendon\u00e7a Filho. O filme tamb\u00e9m \u00e9 apontado como poss\u00edvel indicado na categoria de Melhor Filme Internacional.<\/p>\n<p>Veja Tamb\u00e9m<\/p>\n","protected":false},"excerpt":{"rendered":"O Governors Awards, evento oficial da Academia de Artes e Ci\u00eancias Cinematogr\u00e1ficas dos Estados Unidos, ocorreu neste domingo,&hellip;\n","protected":false},"author":2,"featured_media":156060,"comment_status":"","ping_status":"","sticky":false,"template":"","format":"standard","meta":{"footnotes":""},"categories":[145],"tags":[3428,211,210,33539,114,115,33538,1015,1409,32,33,12348],"class_list":{"0":"post-156059","1":"post","2":"type-post","3":"status-publish","4":"format-standard","5":"has-post-thumbnail","7":"category-celebridades","8":"tag-arte-agenda","9":"tag-celebridades","10":"tag-celebrities","11":"tag-curtidas","12":"tag-entertainment","13":"tag-entretenimento","14":"tag-governors-awards","15":"tag-instagram","16":"tag-oscar","17":"tag-portugal","18":"tag-pt","19":"tag-wagner-moura"},"share_on_mastodon":{"url":"https:\/\/pubeurope.com\/@pt\/115568872194351991","error":""},"_links":{"self":[{"href":"https:\/\/www.europesays.com\/pt\/wp-json\/wp\/v2\/posts\/156059","targetHints":{"allow":["GET"]}}],"collection":[{"href":"https:\/\/www.europesays.com\/pt\/wp-json\/wp\/v2\/posts"}],"about":[{"href":"https:\/\/www.europesays.com\/pt\/wp-json\/wp\/v2\/types\/post"}],"author":[{"embeddable":true,"href":"https:\/\/www.europesays.com\/pt\/wp-json\/wp\/v2\/users\/2"}],"replies":[{"embeddable":true,"href":"https:\/\/www.europesays.com\/pt\/wp-json\/wp\/v2\/comments?post=156059"}],"version-history":[{"count":0,"href":"https:\/\/www.europesays.com\/pt\/wp-json\/wp\/v2\/posts\/156059\/revisions"}],"wp:featuredmedia":[{"embeddable":true,"href":"https:\/\/www.europesays.com\/pt\/wp-json\/wp\/v2\/media\/156060"}],"wp:attachment":[{"href":"https:\/\/www.europesays.com\/pt\/wp-json\/wp\/v2\/media?parent=156059"}],"wp:term":[{"taxonomy":"category","embeddable":true,"href":"https:\/\/www.europesays.com\/pt\/wp-json\/wp\/v2\/categories?post=156059"},{"taxonomy":"post_tag","embeddable":true,"href":"https:\/\/www.europesays.com\/pt\/wp-json\/wp\/v2\/tags?post=156059"}],"curies":[{"name":"wp","href":"https:\/\/api.w.org\/{rel}","templated":true}]}}