{"id":156061,"date":"2025-11-18T04:47:09","date_gmt":"2025-11-18T04:47:09","guid":{"rendered":"https:\/\/www.europesays.com\/pt\/156061\/"},"modified":"2025-11-18T04:47:09","modified_gmt":"2025-11-18T04:47:09","slug":"veja-7-curiosidades-da-producao-todo-canal","status":"publish","type":"post","link":"https:\/\/www.europesays.com\/pt\/156061\/","title":{"rendered":"Veja 7 curiosidades da produ\u00e7\u00e3o \u2013 Todo Canal"},"content":{"rendered":"<ul class=\"n10-summary-list\" itemprop=\"itemListElement\">\n<li class=\"n10-summary-item\" itemprop=\"item\" itemscope=\"\" itemtype=\"https:\/\/schema.org\/ListItem\">\n<p>                            A Fera (2022) \u00e9 um thriller dirigido por Baltasar Korm\u00e1kur que une emo\u00e7\u00e3o familiar e tens\u00e3o de sobreviv\u00eancia, em uma hist\u00f3ria na qual um le\u00e3o atormenta uma fam\u00edlia em uma reserva africana.\n                        <\/li>\n<li class=\"n10-summary-item\" itemprop=\"item\" itemscope=\"\" itemtype=\"https:\/\/schema.org\/ListItem\">\n<p>                            Idris Elba interpreta Nate Daniels, um pai vi\u00favo que leva suas duas filhas para a \u00c1frica do Sul numa viagem terap\u00eautica que rapidamente se transforma em uma luta pela vida.\n                        <\/li>\n<li class=\"n10-summary-item\" itemprop=\"item\" itemscope=\"\" itemtype=\"https:\/\/schema.org\/ListItem\">\n<p>                            O filme aborda temas ambientais fortes, criticando a ca\u00e7a ilegal de animais e mostrando a natureza como antagonista, com o le\u00e3o representando vingan\u00e7a contra os humanos predadores.\n                        <\/li>\n<li class=\"n10-summary-item\" itemprop=\"item\" itemscope=\"\" itemtype=\"https:\/\/schema.org\/ListItem\">\n<p>                            A produ\u00e7\u00e3o utiliza cenas combinadas de animais reais e CGI para criar o le\u00e3o hostil, garantindo realismo e intensidade nas sequ\u00eancias de persegui\u00e7\u00e3o.\n                        <\/li>\n<li class=\"n10-summary-item\" itemprop=\"item\" itemscope=\"\" itemtype=\"https:\/\/schema.org\/ListItem\">\n<p>                            \u00c9 uma coprodu\u00e7\u00e3o internacional (EUA, Isl\u00e2ndia e Jap\u00e3o) com dura\u00e7\u00e3o de 93 minutos, cen\u00e1rio visual impressionante e um ritmo \u00e1gil, ideal para quem busca entretenimento com profundidade.\n                        <\/li>\n<\/ul>\n<p>Nesta segunda-feira, 17 de novembro, o filme da <strong><a href=\"https:\/\/portaln10.com.br\/todocanal\/tudo-sobre\/globo\/\" rel=\"nofollow noopener\" target=\"_blank\">Tela Quente<\/a><\/strong>\u00a0escolhido para a sess\u00e3o cinematogr\u00e1fica promete uma viagem repleta de a\u00e7\u00e3o, drama e suspense! Desta vez, a <strong>Globo <\/strong>programou a exibi\u00e7\u00e3o do longa \u201c<strong>A Fera<\/strong>\u201d, de 2022. <\/p>\n<p>Curiosidades de bastidores e produ\u00e7\u00e3o<\/p>\n<p>1. Diretor experiente em hist\u00f3rias de sobreviv\u00eancia<\/p>\n<p>Baltasar Korm\u00e1kur, que dirige A Fera, j\u00e1 dirigiu outros filmes de sobreviv\u00eancia e confronto com a natureza, como Everest e Vidas \u00e0 Deriva. Sua experi\u00eancia ajuda a dar realismo \u00e0s cenas ambientadas na savana africana.<\/p>\n<p>&#13;<\/p>\n<p>    N\u00e3o perca nada!<\/p>\n<p class=\"post-cta__text\">&#13;<br \/>\n      Fa\u00e7a parte da nossa comunidade:&#13;\n    <\/p>\n<p>              <a href=\"https:\/\/whatsapp.com\/channel\/0029VbAm3uh5Ui2ak8iTEL3F\" target=\"_blank\" rel=\"noopener nofollow\" class=\"button button--whatsapp\">&#13;<br \/>\n          Canal do WhatsApp&#13;<br \/>\n        <\/a><\/p>\n<p>              <a href=\"https:\/\/www.instagram.com\/todocanal1\/\" target=\"_blank\" rel=\"noopener nofollow\" class=\"button button--instagram\">&#13;<br \/>\n          Siga no Instagram&#13;<br \/>\n        <\/a><\/p>\n<p>  &#13;<\/p>\n<p>2. Tema ecol\u00f3gico e cr\u00edtica \u00e0 ca\u00e7a furtiva<\/p>\n<p>Segundo a revista <strong>VEJA<\/strong>, o longa tamb\u00e9m tem um recado ambiental: o le\u00e3o protagonista representa a vingan\u00e7a da natureza contra a explora\u00e7\u00e3o humana \u2014 especialmente pelas ca\u00e7adas clandestinas.<\/p>\n<p>3. Elenco liderado por Idris Elba<\/p>\n<p>Elba interpreta o Dr. Nate Daniels, pai vi\u00favo que viaja para a \u00c1frica do Sul com suas duas filhas (vividas por <strong>Iyana Halley<\/strong> e <strong>Leah Jeffries<\/strong>) para um momento de reconex\u00e3o e luto.<\/p>\n<ul class=\"wp-block-list\">\n<li>Sharlto Copley figura no elenco como Martin Battles, amigo da fam\u00edlia e bi\u00f3logo respons\u00e1vel pela reserva onde ocorre o horror.<\/li>\n<\/ul>\n<p>4. A fera de carne e osso \u2014 ou quase<\/p>\n<p>O le\u00e3o hostil \u00e9 um dos grandes antagonistas do filme. Para retrat\u00e1-lo, a produ\u00e7\u00e3o mescla cenas reais com efeitos visuais (CGI), equilibrando autenticidade e seguran\u00e7a para os atores. <\/p>\n<p>5. Filme internacional e co-produ\u00e7\u00e3o<\/p>\n<p>A Fera \u00e9 fruto de uma coprodu\u00e7\u00e3o entre est\u00fadios de diferentes pa\u00edses \u2014 incluindo Estados Unidos, Isl\u00e2ndia e Jap\u00e3o. Esse mix reflete no tom ambicioso da narrativa e nos cen\u00e1rios grandiosos.<\/p>\n<p>6. Tempo de dura\u00e7\u00e3o eficiente<\/p>\n<p>De acordo com o JustWatch, o filme tem cerca de <strong>93 minutos<\/strong> de dura\u00e7\u00e3o, o que permite manter o ritmo intenso sem se estender demais.<\/p>\n<p>7. Mensagem sobre luto e fam\u00edlia<\/p>\n<p>A viagem de Nate para a \u00c1frica do Sul n\u00e3o \u00e9 apenas uma fuga, mas parte de seu processo de luto pela esposa falecida. O reencontro com a natureza se torna palco para reconstruir seus v\u00ednculos com as filhas.<\/p>\n<p>Trailer:<\/p>\n<p>Filme da Tela Quente hoje, dia 17\/11\/2025<\/p>\n<p>&#13;<br \/>\n  &#13;<\/p>\n<p>            <script async src=\"\/\/www.instagram.com\/embed.js\"><\/script><\/p>\n","protected":false},"excerpt":{"rendered":"A Fera (2022) \u00e9 um thriller dirigido por Baltasar Korm\u00e1kur que une emo\u00e7\u00e3o familiar e tens\u00e3o de sobreviv\u00eancia,&hellip;\n","protected":false},"author":2,"featured_media":156062,"comment_status":"","ping_status":"","sticky":false,"template":"","format":"standard","meta":{"footnotes":""},"categories":[140],"tags":[114,115,147,148,146,32,33],"class_list":{"0":"post-156061","1":"post","2":"type-post","3":"status-publish","4":"format-standard","5":"has-post-thumbnail","7":"category-filmes","8":"tag-entertainment","9":"tag-entretenimento","10":"tag-film","11":"tag-filmes","12":"tag-movies","13":"tag-portugal","14":"tag-pt"},"share_on_mastodon":{"url":"https:\/\/pubeurope.com\/@pt\/115568891985493410","error":""},"_links":{"self":[{"href":"https:\/\/www.europesays.com\/pt\/wp-json\/wp\/v2\/posts\/156061","targetHints":{"allow":["GET"]}}],"collection":[{"href":"https:\/\/www.europesays.com\/pt\/wp-json\/wp\/v2\/posts"}],"about":[{"href":"https:\/\/www.europesays.com\/pt\/wp-json\/wp\/v2\/types\/post"}],"author":[{"embeddable":true,"href":"https:\/\/www.europesays.com\/pt\/wp-json\/wp\/v2\/users\/2"}],"replies":[{"embeddable":true,"href":"https:\/\/www.europesays.com\/pt\/wp-json\/wp\/v2\/comments?post=156061"}],"version-history":[{"count":0,"href":"https:\/\/www.europesays.com\/pt\/wp-json\/wp\/v2\/posts\/156061\/revisions"}],"wp:featuredmedia":[{"embeddable":true,"href":"https:\/\/www.europesays.com\/pt\/wp-json\/wp\/v2\/media\/156062"}],"wp:attachment":[{"href":"https:\/\/www.europesays.com\/pt\/wp-json\/wp\/v2\/media?parent=156061"}],"wp:term":[{"taxonomy":"category","embeddable":true,"href":"https:\/\/www.europesays.com\/pt\/wp-json\/wp\/v2\/categories?post=156061"},{"taxonomy":"post_tag","embeddable":true,"href":"https:\/\/www.europesays.com\/pt\/wp-json\/wp\/v2\/tags?post=156061"}],"curies":[{"name":"wp","href":"https:\/\/api.w.org\/{rel}","templated":true}]}}