{"id":156071,"date":"2025-11-18T05:02:14","date_gmt":"2025-11-18T05:02:14","guid":{"rendered":"https:\/\/www.europesays.com\/pt\/156071\/"},"modified":"2025-11-18T05:02:14","modified_gmt":"2025-11-18T05:02:14","slug":"confirmado-portugal-vai-reinaugurar-um-dos-estadios-miticos-do-futebol-2","status":"publish","type":"post","link":"https:\/\/www.europesays.com\/pt\/156071\/","title":{"rendered":"Confirmado: Portugal vai reinaugurar um dos est\u00e1dios m\u00edticos do futebol"},"content":{"rendered":"<p>\t                Sele\u00e7\u00e3o Nacional \u00e9 a convidada de luxo para a abertura do novo Est\u00e1dio Azteca<\/p>\n<p>A not\u00edcia j\u00e1 tinha sido <strong><a href=\"https:\/\/maisfutebol.iol.pt\/selecao\/portugal\/selecao-mexico-anuncia-particular-com-portugal-antes-do-mundial-2026\" rel=\"nofollow noopener\" target=\"_blank\">avan\u00e7ada em outubro<\/a><\/strong>, mas como avan\u00e7a a imprensa mexicana por esta altura, agora est\u00e1 confirmado: a Sele\u00e7\u00e3o Nacional \u00e9 a convidada de luxo para a reinaugura\u00e7\u00e3o do m\u00edtico Est\u00e1dio Azteca.<\/p>\n<p>\u00abSabemos que Portugal est\u00e1 a ultimar o apuramento para o Mundial. Os pormenores t\u00e9cnicos ainda est\u00e3o pendentes, mas est\u00e1 tudo quase finalizado para que esteja na reabertura do Est\u00e1dio Azteca\u00bb, referiu na altura o comiss\u00e1rio da Federa\u00e7\u00e3o Mexicana de Futebol, Mikel Arriola.<\/p>\n<p>Ora a imprensa mexicana garante que os pormenores t\u00e9cnicos que faltava acertar passavam pelo apuramento de Portugal para o Mundial 2026, condi\u00e7\u00e3o indispens\u00e1vel para ser o convidado de luxo para a inaugura\u00e7\u00e3o.<\/p>\n<p>Recorde-se que o Est\u00e1dio Azteca &#8211; que agora, por motivos comerciais, se chama Est\u00e1dio Banorte &#8211; \u00e9 o recinto onde Maradona fez o famoso golo com a m\u00e3o \u00e0 Inglaterra, sendo ainda considerado o palco dos dois melhores golos da hist\u00f3ria do futebol. Em primeiro lugar, o slalom individual de Maradona, tamb\u00e9m frente \u00e0 Inglaterra.<\/p>\n<p>E depois o fant\u00e1stico golo coletivo do Brasil, em 1970, na final frente \u00e0 It\u00e1lia, finalizado num remate cruzado de Carlos Alberto.<\/p>\n<p>Depois de Pel\u00e9 e de Maradona, ser\u00e1 a vez do Est\u00e1dio Azteca testemunhar agora o talento de Cristiano Ronaldo, que n\u00e3o deve querer perder a reinaugara\u00e7\u00e3o de um dos santu\u00e1rios do futebol, o recinto de todos no mundo que j\u00e1 recebeu mais jogos de Campeonatos do Mundo (19 partidas), incluindo duas finais nos Mundiais 1970 e 1986.<\/p>\n<p>Uns dias antes de jogar na Cidade do M\u00e9xico, a Sele\u00e7\u00e3o Nacional tem outro jogo particular, de prepara\u00e7\u00e3o para o Campeonato do mundo, este realizado nos Estados Unidos.\u00a0<\/p>\n","protected":false},"excerpt":{"rendered":"Sele\u00e7\u00e3o Nacional \u00e9 a convidada de luxo para a abertura do novo Est\u00e1dio Azteca A not\u00edcia j\u00e1 tinha&hellip;\n","protected":false},"author":2,"featured_media":156072,"comment_status":"","ping_status":"","sticky":false,"template":"","format":"standard","meta":{"footnotes":""},"categories":[87],"tags":[609,836,611,33358,27,607,608,333,832,668,604,667,135,610,476,33359,301,830,603,570,831,833,1872,62,834,13,835,602,52,32,33,33360,669,4338,5420,134,29],"class_list":{"0":"post-156071","1":"post","2":"type-post","3":"status-publish","4":"format-standard","5":"has-post-thumbnail","7":"category-desporto","8":"tag-alerta","9":"tag-analise","10":"tag-ao-minuto","11":"tag-azteca","12":"tag-breaking-news","13":"tag-cnn","14":"tag-cnn-portugal","15":"tag-comentadores","16":"tag-costa","17":"tag-cr7","18":"tag-crime","19":"tag-cristiano-ronaldo","20":"tag-desporto","21":"tag-direto","22":"tag-economia","23":"tag-estadio-azteca","24":"tag-governo","25":"tag-guerra","26":"tag-justica","27":"tag-live","28":"tag-mais-vistas","29":"tag-marcelo","30":"tag-mexico","31":"tag-mundo","32":"tag-negocios","33":"tag-noticias","34":"tag-opiniao","35":"tag-pais","36":"tag-politica","37":"tag-portugal","38":"tag-pt","39":"tag-reinauguracao","40":"tag-ronaldo","41":"tag-selecao","42":"tag-selecao-nacional","43":"tag-sports","44":"tag-ultimas"},"share_on_mastodon":{"url":"https:\/\/pubeurope.com\/@pt\/115568951254884694","error":""},"_links":{"self":[{"href":"https:\/\/www.europesays.com\/pt\/wp-json\/wp\/v2\/posts\/156071","targetHints":{"allow":["GET"]}}],"collection":[{"href":"https:\/\/www.europesays.com\/pt\/wp-json\/wp\/v2\/posts"}],"about":[{"href":"https:\/\/www.europesays.com\/pt\/wp-json\/wp\/v2\/types\/post"}],"author":[{"embeddable":true,"href":"https:\/\/www.europesays.com\/pt\/wp-json\/wp\/v2\/users\/2"}],"replies":[{"embeddable":true,"href":"https:\/\/www.europesays.com\/pt\/wp-json\/wp\/v2\/comments?post=156071"}],"version-history":[{"count":0,"href":"https:\/\/www.europesays.com\/pt\/wp-json\/wp\/v2\/posts\/156071\/revisions"}],"wp:featuredmedia":[{"embeddable":true,"href":"https:\/\/www.europesays.com\/pt\/wp-json\/wp\/v2\/media\/156072"}],"wp:attachment":[{"href":"https:\/\/www.europesays.com\/pt\/wp-json\/wp\/v2\/media?parent=156071"}],"wp:term":[{"taxonomy":"category","embeddable":true,"href":"https:\/\/www.europesays.com\/pt\/wp-json\/wp\/v2\/categories?post=156071"},{"taxonomy":"post_tag","embeddable":true,"href":"https:\/\/www.europesays.com\/pt\/wp-json\/wp\/v2\/tags?post=156071"}],"curies":[{"name":"wp","href":"https:\/\/api.w.org\/{rel}","templated":true}]}}