{"id":15608,"date":"2025-08-04T14:00:16","date_gmt":"2025-08-04T14:00:16","guid":{"rendered":"https:\/\/www.europesays.com\/pt\/15608\/"},"modified":"2025-08-04T14:00:16","modified_gmt":"2025-08-04T14:00:16","slug":"benfica-define-preco-de-florentino-luis-que-esta-a-ser-associado-a-saida","status":"publish","type":"post","link":"https:\/\/www.europesays.com\/pt\/15608\/","title":{"rendered":"Benfica define pre\u00e7o de Florentino Lu\u00eds que est\u00e1 a ser associado a sa\u00edda"},"content":{"rendered":"<p><strong>O Benfica quer receber 30 milh\u00f5es de euros por Florentino Lu\u00eds. M\u00e9dio portugu\u00eas tem sido associado a uma sa\u00edda neste mercado.<\/strong><\/p>\n<p>O Benfica define pre\u00e7o de Florentino Lu\u00eds nos 30 milh\u00f5es de euros (incluindo b\u00f3nus), garante o jornalista Gianluigi Longari. A mesma fonte refere que \u00e9 um pre\u00e7o demasiado alto (\u00abpelo menos por enquanto\u00bb) para clubes como o Fenerbah\u00e7e de Jos\u00e9 Mourinho, ao qual foi apontado.<\/p>\n<p>O <a href=\"https:\/\/bolanarede.pt\/especial-bola-na-rede\/atualidade\/florentino-luis-tem-3-interessados-na-premier-league-e-porta-de-saida-do-benfica-aberta\/\" target=\"_blank\" rel=\"noreferrer noopener nofollow\">Everton, o Leeds United e o Burnley <\/a>procuraram reunir informa\u00e7\u00f5es sobre o jogador e ponderam avan\u00e7ar com uma proposta pelo m\u00e9dio. A chegada de Richard R\u00edos e de Enzo Barrenechea torna o portugu\u00eas um jogador transfer\u00edvel. O <a href=\"https:\/\/bolanarede.pt\/especial-bola-na-rede\/atualidade\/aproxima-se-a-saida-de-florentino-luis-do-benfica\/\" target=\"_blank\" rel=\"noreferrer noopener nofollow\">N\u00e1poles foi outro clube a mostrar interesse<\/a>.<\/p>\n<p>Tamb\u00e9m\u00a0<a href=\"https:\/\/bolanarede.pt\/especial-bola-na-rede\/atualidade\/atencao-benfica-florentino-luis-nao-descarta-deixar-a-luz\/\" target=\"_blank\" rel=\"noreferrer noopener nofollow\">o m\u00e9dio j\u00e1 admitiu a possibilidade de deixar os encarnados<\/a>. Florentino Lu\u00eds tem 25 anos e esta \u00e9poca fez 45 jogos pelo Benfica nos quais marcou dois golos e registou uma assist\u00eancia.<\/p>\n","protected":false},"excerpt":{"rendered":"O Benfica quer receber 30 milh\u00f5es de euros por Florentino Lu\u00eds. M\u00e9dio portugu\u00eas tem sido associado a uma&hellip;\n","protected":false},"author":2,"featured_media":15609,"comment_status":"","ping_status":"","sticky":false,"template":"","format":"standard","meta":{"footnotes":""},"categories":[87],"tags":[260,51,135,918,6170,32,33,134],"class_list":{"0":"post-15608","1":"post","2":"type-post","3":"status-publish","4":"format-standard","5":"has-post-thumbnail","7":"category-desporto","8":"tag-atualidade","9":"tag-benfica","10":"tag-desporto","11":"tag-fenerbahce","12":"tag-florentino-luis","13":"tag-portugal","14":"tag-pt","15":"tag-sports"},"share_on_mastodon":{"url":"","error":""},"_links":{"self":[{"href":"https:\/\/www.europesays.com\/pt\/wp-json\/wp\/v2\/posts\/15608","targetHints":{"allow":["GET"]}}],"collection":[{"href":"https:\/\/www.europesays.com\/pt\/wp-json\/wp\/v2\/posts"}],"about":[{"href":"https:\/\/www.europesays.com\/pt\/wp-json\/wp\/v2\/types\/post"}],"author":[{"embeddable":true,"href":"https:\/\/www.europesays.com\/pt\/wp-json\/wp\/v2\/users\/2"}],"replies":[{"embeddable":true,"href":"https:\/\/www.europesays.com\/pt\/wp-json\/wp\/v2\/comments?post=15608"}],"version-history":[{"count":0,"href":"https:\/\/www.europesays.com\/pt\/wp-json\/wp\/v2\/posts\/15608\/revisions"}],"wp:featuredmedia":[{"embeddable":true,"href":"https:\/\/www.europesays.com\/pt\/wp-json\/wp\/v2\/media\/15609"}],"wp:attachment":[{"href":"https:\/\/www.europesays.com\/pt\/wp-json\/wp\/v2\/media?parent=15608"}],"wp:term":[{"taxonomy":"category","embeddable":true,"href":"https:\/\/www.europesays.com\/pt\/wp-json\/wp\/v2\/categories?post=15608"},{"taxonomy":"post_tag","embeddable":true,"href":"https:\/\/www.europesays.com\/pt\/wp-json\/wp\/v2\/tags?post=15608"}],"curies":[{"name":"wp","href":"https:\/\/api.w.org\/{rel}","templated":true}]}}