{"id":156085,"date":"2025-11-18T05:30:38","date_gmt":"2025-11-18T05:30:38","guid":{"rendered":"https:\/\/www.europesays.com\/pt\/156085\/"},"modified":"2025-11-18T05:30:38","modified_gmt":"2025-11-18T05:30:38","slug":"video-batalha-campal-na-argentina-com-agressoes-e-gas-pimenta","status":"publish","type":"post","link":"https:\/\/www.europesays.com\/pt\/156085\/","title":{"rendered":"V\u00cdDEO: batalha campal na Argentina com agress\u00f5es e g\u00e1s pimenta"},"content":{"rendered":"<p style=\"margin-bottom:11px\">Agress\u00f5es entre jogadores do Deportivo Madryn e do Deportivo Mor\u00f3n conduziram a uma interven\u00e7\u00e3o musculada das for\u00e7as policiais, que utilizaram at\u00e9 g\u00e1s pimenta para dispersar os atletas. A segunda m\u00e3o da meia-final da fase de subida da II Divis\u00e3o argentina terminou com uma aut\u00eantica batalha campal, em\u00a0Puerto Madryn.<\/p>\n<p>As imagens mostram um cen\u00e1rio de rebeli\u00e3o total no relvado do Est\u00e1dio Abel Sastre, com os atletas das duas equipas a envolverem-se em agress\u00f5es contundentes, que a pol\u00edcia conseguiu conter com vis\u00edvel dificuldade.<\/p>\n<p>O jogo foi ganho pelo Deportivo Madryn por 1-0, gra\u00e7as ao golo de Santiago Postel (13m), um resultado que lhe permitiu anular a vantagem de um golo que o Deportivo Mor\u00f3n trazia da primeira m\u00e3o (1-0). O Deportivo Madryn acabou por se apurar por ter vencido o Grupo A na primeira fase do campeonato.<\/p>\n<p>Na final do play-off de promo\u00e7\u00e3o \u00e0 I Divis\u00e3o argentina, o Deportivo Madryn ter\u00e1 como advers\u00e1rio o Estudiantes Rio Cuarto.<\/p>\n","protected":false},"excerpt":{"rendered":"Agress\u00f5es entre jogadores do Deportivo Madryn e do Deportivo Mor\u00f3n conduziram a uma interven\u00e7\u00e3o musculada das for\u00e7as policiais,&hellip;\n","protected":false},"author":2,"featured_media":156086,"comment_status":"","ping_status":"","sticky":false,"template":"","format":"standard","meta":{"footnotes":""},"categories":[87],"tags":[23243,2424,33541,33542,135,524,82,5433,1356,46,32,33,47,5434,5920,134,3097],"class_list":{"0":"post-156085","1":"post","2":"type-post","3":"status-publish","4":"format-standard","5":"has-post-thumbnail","7":"category-desporto","8":"tag-agressoes","9":"tag-argentina","10":"tag-deportivo-madryn","11":"tag-deportivo-moron","12":"tag-desporto","13":"tag-futebol","14":"tag-internacional","15":"tag-jogos-hoje","16":"tag-mais-futebol","17":"tag-maisfutebol","18":"tag-portugal","19":"tag-pt","20":"tag-pura-paixao","21":"tag-resultados-hoje","22":"tag-resultados-maisfutebol","23":"tag-sports","24":"tag-violencia"},"share_on_mastodon":{"url":"https:\/\/pubeurope.com\/@pt\/115569061160010878","error":""},"_links":{"self":[{"href":"https:\/\/www.europesays.com\/pt\/wp-json\/wp\/v2\/posts\/156085","targetHints":{"allow":["GET"]}}],"collection":[{"href":"https:\/\/www.europesays.com\/pt\/wp-json\/wp\/v2\/posts"}],"about":[{"href":"https:\/\/www.europesays.com\/pt\/wp-json\/wp\/v2\/types\/post"}],"author":[{"embeddable":true,"href":"https:\/\/www.europesays.com\/pt\/wp-json\/wp\/v2\/users\/2"}],"replies":[{"embeddable":true,"href":"https:\/\/www.europesays.com\/pt\/wp-json\/wp\/v2\/comments?post=156085"}],"version-history":[{"count":0,"href":"https:\/\/www.europesays.com\/pt\/wp-json\/wp\/v2\/posts\/156085\/revisions"}],"wp:featuredmedia":[{"embeddable":true,"href":"https:\/\/www.europesays.com\/pt\/wp-json\/wp\/v2\/media\/156086"}],"wp:attachment":[{"href":"https:\/\/www.europesays.com\/pt\/wp-json\/wp\/v2\/media?parent=156085"}],"wp:term":[{"taxonomy":"category","embeddable":true,"href":"https:\/\/www.europesays.com\/pt\/wp-json\/wp\/v2\/categories?post=156085"},{"taxonomy":"post_tag","embeddable":true,"href":"https:\/\/www.europesays.com\/pt\/wp-json\/wp\/v2\/tags?post=156085"}],"curies":[{"name":"wp","href":"https:\/\/api.w.org\/{rel}","templated":true}]}}