{"id":156109,"date":"2025-11-18T06:15:15","date_gmt":"2025-11-18T06:15:15","guid":{"rendered":"https:\/\/www.europesays.com\/pt\/156109\/"},"modified":"2025-11-18T06:15:15","modified_gmt":"2025-11-18T06:15:15","slug":"etiopia-confirma-3-mortos-pelo-virus-de-marburgo-semelhante-ao-ebola-em-novo-surto","status":"publish","type":"post","link":"https:\/\/www.europesays.com\/pt\/156109\/","title":{"rendered":"Eti\u00f3pia confirma 3 mortos pelo v\u00edrus de Marburgo, semelhante ao \u00c9bola, em novo surto"},"content":{"rendered":"<p>\n  De&amp;nbsp<b>AP<\/b>&amp;nbspcom&amp;nbsp<b>Euronews<\/b>\n<\/p>\n<p>\n         Publicado a<br \/>\n            17\/11\/2025 &#8211; 16:25 GMT+1\n            <\/p>\n<p>Eti\u00f3pia confirmou na segunda-feira tr\u00eas mortes devido ao v\u00edrus hemorr\u00e1gico de Marburgo, detetado numa \u00e1rea vizinha do Sud\u00e3o do Sul.<\/p>\n<p>Disse a ministra da Sa\u00fade, Mekdes Daba, que o governo da Eti\u00f3pia, que declarou um <a href=\"https:\/\/www.euronews.com\/health\/2024\/09\/30\/two-dead-as-ghana-declares-first-outbreak-of-highly-contagious-marburg-virus\" rel=\"nofollow noopener\" target=\"_blank\"><strong>surto de Marburgo<\/strong> <\/a>na sexta-feira, realizou an\u00e1lises a 17 casos suspeitos no sul do pa\u00eds. O surto foi registado na regi\u00e3o de Omo.<\/p>\n<p>Disse a ministra n\u00e3o haver casos ativos do v\u00edrus semelhante ao \u00c9bola, mas que o governo est\u00e1 a tomar medidas preventivas.<\/p>\n<p>Foi destacada uma equipa da Organiza\u00e7\u00e3o Mundial da Sa\u00fade (OMS) e dos Centros Africanos de Controlo e Preven\u00e7\u00e3o de Doen\u00e7as (\u00c1frica CDC) para apoiar os testes e o controlo do surto.<\/p>\n<p>No domingo, o Minist\u00e9rio da Sa\u00fade do Sud\u00e3o do Sul emitiu um aviso de sa\u00fade p\u00fablica aos residentes de quatro condados para lavarem frequentemente as m\u00e3os e evitarem contacto com fluidos corporais, a fim de prevenir a propaga\u00e7\u00e3o do v\u00edrus.<\/p>\n<p>Na semana passada, o diretor-geral da \u00c1frica CDC, Jean Kaseya, considerou o surto preocupante porque o Sud\u00e3o do Sul tem um &#8220;sistema de sa\u00fade fr\u00e1gil&#8221;.<\/p>\n<p>Tal como o \u00c9bola, o v\u00edrus de Marburgo tem origem em morcegos frug\u00edvoros e transmite-se entre pessoas atrav\u00e9s de contacto pr\u00f3ximo com fluidos corporais de infetados ou com superf\u00edcies contaminadas, como len\u00e7\u00f3is sujos.<\/p>\n<p>Sem tratamento, o Marburgo pode ser fatal em at\u00e9 88 por cento das pessoas que adoecem.<\/p>\n<p>Os sintomas incluem febre, dores musculares, diarreia, v\u00f3mitos e, nalguns casos, morte por hemorragia grave. N\u00e3o existe vacina ou tratamento autorizado para o Marburgo.<\/p>\n<p>Surtos do v\u00edrus de Marburgo s\u00e3o relativamente raros, mas graves.<\/p>\n<p>Segundo a OMS, surtos e casos isolados de Marburgo foram registados no passado no <a href=\"https:\/\/www.euronews.com\/health\/2024\/12\/20\/rwandas-marburg-outbreak-is-officially-over-after-no-new-cases-reported-who-says\" rel=\"nofollow noopener\" target=\"_blank\"><strong>Ruanda,<\/strong> <\/a><a href=\"https:\/\/www.euronews.com\/health\/2025\/01\/15\/marburg-outbreak-in-tanzania-kills-at-least-eight-people-who-says\" rel=\"nofollow noopener\" target=\"_blank\"><strong>Tanz\u00e2nia,<\/strong><\/a>Guin\u00e9 Equatorial, Angola, Congo, Qu\u00e9nia, \u00c1frica do Sul, Uganda e Gana.<\/p>\n","protected":false},"excerpt":{"rendered":"De&amp;nbspAP&amp;nbspcom&amp;nbspEuronews Publicado a 17\/11\/2025 &#8211; 16:25 GMT+1 Eti\u00f3pia confirmou na segunda-feira tr\u00eas mortes devido ao v\u00edrus hemorr\u00e1gico de&hellip;\n","protected":false},"author":2,"featured_media":156110,"comment_status":"","ping_status":"","sticky":false,"template":"","format":"standard","meta":{"footnotes":""},"categories":[86],"tags":[11272,116,10929,32,33,117,896],"class_list":{"0":"post-156109","1":"post","2":"type-post","3":"status-publish","4":"format-standard","5":"has-post-thumbnail","7":"category-saude","8":"tag-etiopia","9":"tag-health","10":"tag-infeccao","11":"tag-portugal","12":"tag-pt","13":"tag-saude","14":"tag-saude-publica"},"share_on_mastodon":{"url":"https:\/\/pubeurope.com\/@pt\/115569237915306368","error":""},"_links":{"self":[{"href":"https:\/\/www.europesays.com\/pt\/wp-json\/wp\/v2\/posts\/156109","targetHints":{"allow":["GET"]}}],"collection":[{"href":"https:\/\/www.europesays.com\/pt\/wp-json\/wp\/v2\/posts"}],"about":[{"href":"https:\/\/www.europesays.com\/pt\/wp-json\/wp\/v2\/types\/post"}],"author":[{"embeddable":true,"href":"https:\/\/www.europesays.com\/pt\/wp-json\/wp\/v2\/users\/2"}],"replies":[{"embeddable":true,"href":"https:\/\/www.europesays.com\/pt\/wp-json\/wp\/v2\/comments?post=156109"}],"version-history":[{"count":0,"href":"https:\/\/www.europesays.com\/pt\/wp-json\/wp\/v2\/posts\/156109\/revisions"}],"wp:featuredmedia":[{"embeddable":true,"href":"https:\/\/www.europesays.com\/pt\/wp-json\/wp\/v2\/media\/156110"}],"wp:attachment":[{"href":"https:\/\/www.europesays.com\/pt\/wp-json\/wp\/v2\/media?parent=156109"}],"wp:term":[{"taxonomy":"category","embeddable":true,"href":"https:\/\/www.europesays.com\/pt\/wp-json\/wp\/v2\/categories?post=156109"},{"taxonomy":"post_tag","embeddable":true,"href":"https:\/\/www.europesays.com\/pt\/wp-json\/wp\/v2\/tags?post=156109"}],"curies":[{"name":"wp","href":"https:\/\/api.w.org\/{rel}","templated":true}]}}