{"id":156119,"date":"2025-11-18T06:42:13","date_gmt":"2025-11-18T06:42:13","guid":{"rendered":"https:\/\/www.europesays.com\/pt\/156119\/"},"modified":"2025-11-18T06:42:13","modified_gmt":"2025-11-18T06:42:13","slug":"a-alemanha-vai-ao-mundial-e-nem-parecia-disputa-de-apuramento-futebol-internacional","status":"publish","type":"post","link":"https:\/\/www.europesays.com\/pt\/156119\/","title":{"rendered":"A Alemanha vai ao Mundial \u2013 e nem parecia disputa de apuramento | Futebol internacional"},"content":{"rendered":"<p>R\u00e1pido, simples e com uma facilidade tremenda. 1-0 aos 18\u2019, 2-0 aos 29\u2019, 3-0 aos 36\u2019, 4-0 aos 41\u2019. E mais dois na segunda parte. Foi assim que a Alemanha garantiu nesta segunda-feira a presen\u00e7a no Mundial 2026, com um triunfo f\u00e1cil, por 6-0, frente \u00e0 Eslov\u00e1quia.<\/p>\n<p>Este jogo parecia um duelo entre o favorito ao apuramento e uma selec\u00e7\u00e3o em agonia na cauda do grupo? Em certa medida, sim. Mas longe disso. Alem\u00e3es e eslovacos estavam com 14 pontos no topo do grupo A e jogavam o apuramento neste \u00faltimo jogo \u2013 algu\u00e9m iria ao Mundial e algu\u00e9m precisaria de ir ao play-off em Mar\u00e7o de 2026.<\/p>\n<p>A facilidade com que a Alemanha \u201cdespachou\u201d a Eslov\u00e1quia, em Leipzig, acaba por ser surpreendente, at\u00e9 pelo resultado do jogo em Bratislava: triunfo dos eslovacos por 2-0, que s\u00f3 tinham sofrido dois golos at\u00e9 aqui.<\/p>\n<p>Tudo come\u00e7ou aos 18\u2019, quando deram espa\u00e7o a Kimmich do lado direito e a Woltemade no centro da \u00e1rea. E isso tem conclus\u00e3o evidente: um cruzamento bem medido e um cabeceamento de sucesso \u2013 a falta de marca\u00e7\u00e3o ao lateral ainda \u00e9 aceit\u00e1vel, mas a total despreocupa\u00e7\u00e3o com o gigante Woltemade foi bizarra.<\/p>\n<p>Numa equipa muito din\u00e2mica, Goretzka apareceu na zona de Woltemade aos 29\u2019 e baralhou marca\u00e7\u00f5es \u2013 o avan\u00e7ado tinha sa\u00eddo, o m\u00e9dio apareceu entre linhas em apoio frontal e o movimento no espa\u00e7o foi de um ala vindo de tr\u00e1s: Gnabry finalizou isolado pelo grande passe de Goretzka.<\/p>\n<p>Aos 36\u2019, Woltemade voltou a arrastar advers\u00e1rios e a Eslov\u00e1quia prestou-se a subir a defesa. Foi o suficiente para um passe tremendo de Wirtz a isolar San\u00e9. Esta sociedade voltou a trabalhar junta ainda antes do intervalo, com mais um grande passe de Wirtz a solicitar a finaliza\u00e7\u00e3o de San\u00e9 \u2013 Wirtz parecia ter um comando a teleguiar as bolas.<\/p>\n<p>Aos 67\u2019, foi novamente Woltemade a desequilibrar entre linhas, mostrando uma t\u00e9cnica rara para algu\u00e9m com quase dois metros \u2013 criou a jogada do golo de Baku. E aos 79&#8242; a \u201cm\u00fasica\u201d foi a mesma: jogada de combina\u00e7\u00f5es curtas, novamente com papel fundamental de Woltemade no golo de Ou\u00e9draogo, jogador de 19 anos em estreia na selec\u00e7\u00e3o.<\/p>\n<p>Nota ainda para o apuramento dos Pa\u00edses Baixos, que tinham a presen\u00e7a quase garantida no Mundial (at\u00e9 poderiam perder), mas faltava o quase: houve triunfo (4-0) frente \u00e0 Litu\u00e2nia.<\/p>\n","protected":false},"excerpt":{"rendered":"R\u00e1pido, simples e com uma facilidade tremenda. 1-0 aos 18\u2019, 2-0 aos 29\u2019, 3-0 aos 36\u2019, 4-0 aos&hellip;\n","protected":false},"author":2,"featured_media":156120,"comment_status":"","ping_status":"","sticky":false,"template":"","format":"standard","meta":{"footnotes":""},"categories":[87],"tags":[1305,135,12225,138,12632,32,33,134],"class_list":{"0":"post-156119","1":"post","2":"type-post","3":"status-publish","4":"format-standard","5":"has-post-thumbnail","7":"category-desporto","8":"tag-alemanha","9":"tag-desporto","10":"tag-eslovaquia","11":"tag-futebol-internacional","12":"tag-mundial-2026","13":"tag-portugal","14":"tag-pt","15":"tag-sports"},"share_on_mastodon":{"url":"https:\/\/pubeurope.com\/@pt\/115569344174594706","error":""},"_links":{"self":[{"href":"https:\/\/www.europesays.com\/pt\/wp-json\/wp\/v2\/posts\/156119","targetHints":{"allow":["GET"]}}],"collection":[{"href":"https:\/\/www.europesays.com\/pt\/wp-json\/wp\/v2\/posts"}],"about":[{"href":"https:\/\/www.europesays.com\/pt\/wp-json\/wp\/v2\/types\/post"}],"author":[{"embeddable":true,"href":"https:\/\/www.europesays.com\/pt\/wp-json\/wp\/v2\/users\/2"}],"replies":[{"embeddable":true,"href":"https:\/\/www.europesays.com\/pt\/wp-json\/wp\/v2\/comments?post=156119"}],"version-history":[{"count":0,"href":"https:\/\/www.europesays.com\/pt\/wp-json\/wp\/v2\/posts\/156119\/revisions"}],"wp:featuredmedia":[{"embeddable":true,"href":"https:\/\/www.europesays.com\/pt\/wp-json\/wp\/v2\/media\/156120"}],"wp:attachment":[{"href":"https:\/\/www.europesays.com\/pt\/wp-json\/wp\/v2\/media?parent=156119"}],"wp:term":[{"taxonomy":"category","embeddable":true,"href":"https:\/\/www.europesays.com\/pt\/wp-json\/wp\/v2\/categories?post=156119"},{"taxonomy":"post_tag","embeddable":true,"href":"https:\/\/www.europesays.com\/pt\/wp-json\/wp\/v2\/tags?post=156119"}],"curies":[{"name":"wp","href":"https:\/\/api.w.org\/{rel}","templated":true}]}}