{"id":156141,"date":"2025-11-18T07:30:21","date_gmt":"2025-11-18T07:30:21","guid":{"rendered":"https:\/\/www.europesays.com\/pt\/156141\/"},"modified":"2025-11-18T07:30:21","modified_gmt":"2025-11-18T07:30:21","slug":"motociclista-morre-em-colisao-com-carro-em-famalicao","status":"publish","type":"post","link":"https:\/\/www.europesays.com\/pt\/156141\/","title":{"rendered":"Motociclista morre em colis\u00e3o com carro em Famalic\u00e3o"},"content":{"rendered":"<p data-remotead-prev-elm=\"true\" data-remotead-elm-id=\"inread\">Segundo as informa\u00e7\u00f5es que o JN conseguiu recolher, a colis\u00e3o aconteceu cerca das 19.30 horas.<\/p>\n<p>Os Bombeiros Famalicenses e de Famalic\u00e3o assim como a ambul\u00e2ncia de Suporte Imediato de Vida (SIV) de Santo Tirso ainda socorreram a v\u00edtima, mas o \u00f3bito acabou por ser declarado no local. <\/p>\n<p>O N\u00facleo de Investiga\u00e7\u00e3o Criminal de Acidentes de Via\u00e7\u00e3o (NICAV) da GNR de Braga vai agora investigar as circunst\u00e2ncias do sinistro.<\/p>\n","protected":false},"excerpt":{"rendered":"Segundo as informa\u00e7\u00f5es que o JN conseguiu recolher, a colis\u00e3o aconteceu cerca das 19.30 horas. Os Bombeiros Famalicenses&hellip;\n","protected":false},"author":2,"featured_media":156142,"comment_status":"","ping_status":"","sticky":false,"template":"","format":"standard","meta":{"footnotes":""},"categories":[10],"tags":[1455,27,28,20444,15,16,14,25,26,21,22,12,13,19,20,32,23,24,33,17,18,29,30,31],"class_list":{"0":"post-156141","1":"post","2":"type-post","3":"status-publish","4":"format-standard","5":"has-post-thumbnail","7":"category-portugal","8":"tag-acidentes","9":"tag-breaking-news","10":"tag-breakingnews","11":"tag-concelho-vila-nova-de-famalicao","12":"tag-featured-news","13":"tag-featurednews","14":"tag-headlines","15":"tag-latest-news","16":"tag-latestnews","17":"tag-main-news","18":"tag-mainnews","19":"tag-news","20":"tag-noticias","21":"tag-noticias-principais","22":"tag-noticiasprincipais","23":"tag-portugal","24":"tag-principais-noticias","25":"tag-principaisnoticias","26":"tag-pt","27":"tag-top-stories","28":"tag-topstories","29":"tag-ultimas","30":"tag-ultimas-noticias","31":"tag-ultimasnoticias"},"share_on_mastodon":{"url":"https:\/\/pubeurope.com\/@pt\/115569532860545147","error":""},"_links":{"self":[{"href":"https:\/\/www.europesays.com\/pt\/wp-json\/wp\/v2\/posts\/156141","targetHints":{"allow":["GET"]}}],"collection":[{"href":"https:\/\/www.europesays.com\/pt\/wp-json\/wp\/v2\/posts"}],"about":[{"href":"https:\/\/www.europesays.com\/pt\/wp-json\/wp\/v2\/types\/post"}],"author":[{"embeddable":true,"href":"https:\/\/www.europesays.com\/pt\/wp-json\/wp\/v2\/users\/2"}],"replies":[{"embeddable":true,"href":"https:\/\/www.europesays.com\/pt\/wp-json\/wp\/v2\/comments?post=156141"}],"version-history":[{"count":0,"href":"https:\/\/www.europesays.com\/pt\/wp-json\/wp\/v2\/posts\/156141\/revisions"}],"wp:featuredmedia":[{"embeddable":true,"href":"https:\/\/www.europesays.com\/pt\/wp-json\/wp\/v2\/media\/156142"}],"wp:attachment":[{"href":"https:\/\/www.europesays.com\/pt\/wp-json\/wp\/v2\/media?parent=156141"}],"wp:term":[{"taxonomy":"category","embeddable":true,"href":"https:\/\/www.europesays.com\/pt\/wp-json\/wp\/v2\/categories?post=156141"},{"taxonomy":"post_tag","embeddable":true,"href":"https:\/\/www.europesays.com\/pt\/wp-json\/wp\/v2\/tags?post=156141"}],"curies":[{"name":"wp","href":"https:\/\/api.w.org\/{rel}","templated":true}]}}