{"id":156143,"date":"2025-11-18T07:31:42","date_gmt":"2025-11-18T07:31:42","guid":{"rendered":"https:\/\/www.europesays.com\/pt\/156143\/"},"modified":"2025-11-18T07:31:42","modified_gmt":"2025-11-18T07:31:42","slug":"tensao-com-a-venezuela-mais-avancado-porta-avioes-dos-eua-ja-esta-no-mar-das-caraibas","status":"publish","type":"post","link":"https:\/\/www.europesays.com\/pt\/156143\/","title":{"rendered":"Tens\u00e3o com a Venezuela: mais avan\u00e7ado porta-avi\u00f5es dos EUA j\u00e1 est\u00e1 no mar das Cara\u00edbas"},"content":{"rendered":"<p>\t                Leva quatro esquadr\u00f5es de ca\u00e7as e tr\u00eas contratorpedeiros de m\u00edsseis guiados a bordo<\/p>\n<p>Os Estados Unidos anunciaram este domingo que o porta-avi\u00f5es Gerald Ford chegou ao mar das Cara\u00edbas, insto numa fase em que cresce a tens\u00e3o com a Venezuela e ap\u00f3s mais um ataque dos EUA a uma embarca\u00e7\u00e3o que Washington acusou de estar envolvida em narcotr\u00e1fico.<\/p>\n<p>O porta-avi\u00f5es, o mais avan\u00e7ado da Marinha dos Estados Unidos, transporta quatro esquadr\u00f5es de ca\u00e7as e tr\u00eas contratorpedeiros de m\u00edsseis guiados.<\/p>\n<p>Num comunicado, o Comando Sul dos Estados Unidos para a Am\u00e9rica Latina e Cara\u00edbas (Southcom) esclareceu que o porta-avi\u00f5es &#8220;unir\u00e1 for\u00e7as com os meios j\u00e1 presentes no Mar das Cara\u00edbas&#8221;, incluindo um grupo anf\u00edbio e uma unidade de fuzileiros navais.<\/p>\n<p>O Southcom esclareceu ainda, no comunicado, que foi feito um ataque no s\u00e1bado contra uma embarca\u00e7\u00e3o acusada de transportar droga.<\/p>\n<p>&#8220;As informa\u00e7\u00f5es dos servi\u00e7os de informa\u00e7\u00e3o confirmaram que o barco estava envolvido no contrabando de narc\u00f3ticos&#8221;, afirmou o comando norte-americano, acrescentando que tr\u00eas homens foram mortos no ataque, que ocorreu em \u00e1guas internacionais do Pac\u00edfico.<\/p>\n<p>Desde agosto que Washington mant\u00e9m uma presen\u00e7a militar significativa nas Cara\u00edbas, entre os quais meia d\u00fazia de navios de guerra, para combater o tr\u00e1fico de droga proveniente da Venezuela e com destino aos Estados Unidos.<\/p>\n<p>Com o ataque de s\u00e1bado, sobem para vinte os ataques feitos pelos Estados Unidos nas \u00faltimas semanas nas Cara\u00edbas e no Pac\u00edfico contra embarca\u00e7\u00f5es que acusam \u2014 sem apresentar provas \u2014 de transportar droga.<\/p>\n<p>Esses ataques fizeram pelo menos 83 mortes.<\/p>\n<p>A Venezuela acusa Washington de usar o tr\u00e1fico de droga como pretexto &#8220;para impor uma mudan\u00e7a de regime&#8221; em Caracas e para se apoderar do seu petr\u00f3leo.<\/p>\n<p>Entretanto, o presidente Donald Trump admitiu no domingo a possibilidade de negociar com Caracas, naquela que seria uma poss\u00edvel via diplom\u00e1tica enquanto os Estados Unidos refor\u00e7am ainda mais a sua presen\u00e7a militar perto daquele pa\u00eds sul-americano.<\/p>\n<p>Trump n\u00e3o entrou em detalhes sobre as poss\u00edveis conversa\u00e7\u00f5es com Nicol\u00e1s Maduro, mas disse que &#8220;a Venezuela gostaria de conversar&#8221;.<\/p>\n","protected":false},"excerpt":{"rendered":"Leva quatro esquadr\u00f5es de ca\u00e7as e tr\u00eas contratorpedeiros de m\u00edsseis guiados a bordo Os Estados Unidos anunciaram este&hellip;\n","protected":false},"author":2,"featured_media":125121,"comment_status":"","ping_status":"","sticky":false,"template":"","format":"standard","meta":{"footnotes":""},"categories":[8],"tags":[609,836,611,27,28,607,608,333,832,604,135,610,476,413,15,16,33546,301,830,14,603,25,26,570,21,22,831,833,62,834,12,13,19,20,835,602,52,32,23,24,33,33547,17,18,2953,29,30,31,3023],"class_list":{"0":"post-156143","1":"post","2":"type-post","3":"status-publish","4":"format-standard","5":"has-post-thumbnail","7":"category-principais-noticias","8":"tag-alerta","9":"tag-analise","10":"tag-ao-minuto","11":"tag-breaking-news","12":"tag-breakingnews","13":"tag-cnn","14":"tag-cnn-portugal","15":"tag-comentadores","16":"tag-costa","17":"tag-crime","18":"tag-desporto","19":"tag-direto","20":"tag-economia","21":"tag-eua","22":"tag-featured-news","23":"tag-featurednews","24":"tag-gerald-ford","25":"tag-governo","26":"tag-guerra","27":"tag-headlines","28":"tag-justica","29":"tag-latest-news","30":"tag-latestnews","31":"tag-live","32":"tag-main-news","33":"tag-mainnews","34":"tag-mais-vistas","35":"tag-marcelo","36":"tag-mundo","37":"tag-negocios","38":"tag-news","39":"tag-noticias","40":"tag-noticias-principais","41":"tag-noticiasprincipais","42":"tag-opiniao","43":"tag-pais","44":"tag-politica","45":"tag-portugal","46":"tag-principais-noticias","47":"tag-principaisnoticias","48":"tag-pt","49":"tag-southcom","50":"tag-top-stories","51":"tag-topstories","52":"tag-trafico-de-droga","53":"tag-ultimas","54":"tag-ultimas-noticias","55":"tag-ultimasnoticias","56":"tag-venezuela"},"share_on_mastodon":{"url":"","error":"Validation failed: Text character limit of 500 exceeded"},"_links":{"self":[{"href":"https:\/\/www.europesays.com\/pt\/wp-json\/wp\/v2\/posts\/156143","targetHints":{"allow":["GET"]}}],"collection":[{"href":"https:\/\/www.europesays.com\/pt\/wp-json\/wp\/v2\/posts"}],"about":[{"href":"https:\/\/www.europesays.com\/pt\/wp-json\/wp\/v2\/types\/post"}],"author":[{"embeddable":true,"href":"https:\/\/www.europesays.com\/pt\/wp-json\/wp\/v2\/users\/2"}],"replies":[{"embeddable":true,"href":"https:\/\/www.europesays.com\/pt\/wp-json\/wp\/v2\/comments?post=156143"}],"version-history":[{"count":0,"href":"https:\/\/www.europesays.com\/pt\/wp-json\/wp\/v2\/posts\/156143\/revisions"}],"wp:featuredmedia":[{"embeddable":true,"href":"https:\/\/www.europesays.com\/pt\/wp-json\/wp\/v2\/media\/125121"}],"wp:attachment":[{"href":"https:\/\/www.europesays.com\/pt\/wp-json\/wp\/v2\/media?parent=156143"}],"wp:term":[{"taxonomy":"category","embeddable":true,"href":"https:\/\/www.europesays.com\/pt\/wp-json\/wp\/v2\/categories?post=156143"},{"taxonomy":"post_tag","embeddable":true,"href":"https:\/\/www.europesays.com\/pt\/wp-json\/wp\/v2\/tags?post=156143"}],"curies":[{"name":"wp","href":"https:\/\/api.w.org\/{rel}","templated":true}]}}