{"id":156144,"date":"2025-11-18T07:32:34","date_gmt":"2025-11-18T07:32:34","guid":{"rendered":"https:\/\/www.europesays.com\/pt\/156144\/"},"modified":"2025-11-18T07:32:34","modified_gmt":"2025-11-18T07:32:34","slug":"iara-ramos-em-longo-desabafo-lamenta-atitudes-de-claudio-ramos-ele-sabia","status":"publish","type":"post","link":"https:\/\/www.europesays.com\/pt\/156144\/","title":{"rendered":"Iara Ramos &#8211; Em longo desabafo, lamenta atitudes de Cl\u00e1udio Ramos: &#8220;Ele sabia&#8230;&#8221;"},"content":{"rendered":"<p><strong>Iara Ramos\u00a0<\/strong>est\u00e1 de regresso a casa, s\u00e3 e salva ap\u00f3s <a href=\"https:\/\/www.novagente.pt\/claudio-ramos-revelado-que-aconteceu-irma-antes-de-ser-encontrada-em-madrid\" target=\"_blank\" rel=\"nofollow noopener\">dias muito conturbados em Madrid<\/a>, local para onde &#8216;fugiu&#8217; ap\u00f3s deixar a sua casa em\u00a0<strong>Vila Boim<\/strong>, Elvas. Saiu\u00a0sem telem\u00f3vel nem documentos.<\/p>\n<p>Nas \u00faltimas horas, a irm\u00e3 do apresentador recorreu \u00e0s redes sociais para fazer um longo desabafo sobre os \u00faltimos tempos.\u00a0&#8220;O princ\u00edpio j\u00e1 foi h\u00e1 algum tempo, j\u00e1 foi h\u00e1 tr\u00eas anos&#8221;, come\u00e7ou por dizer.\u00a0&#8220;Estou numa luta h\u00e1 tr\u00eas anos. Os que est\u00e3o perto sabem aquilo que eu tenho passado, por isso \u00e9 que cheguei onde cheguei.&#8221;<\/p>\n<p>&#8220;Voc\u00eas sabem que o meu irm\u00e3o \u00e9 uma pessoa vis\u00edviel. \u00c0 pala de uns, quase destr\u00f3i outros. Ele sabia do que se estava a passar, se n\u00e3o sabia tamb\u00e9m foi falta de cuidado, como ele disse n\u00e3o s\u00e3o dois dias, foram tr\u00eas anos&#8221;, acrescentou.<\/p>\n<p>&#8220;Tive uma pessoa a viver comigo mais de um ano e sabe perfeitamente que ali em casa o bom dia, boa tarde n\u00e3o se passava. Puseram-me \u00e0 parte.\u00a0Fizeram-me sentir culpada de tudo e mais alguma coisa&#8230;&#8221;, prosseguiu.<\/p>\n<p>O afastamento repentino de Cl\u00e1udio Ramos<\/p>\n<p>&#8220;As pessoas que lidaram comigo e com o Nuno como casal, quase vinte anos juntos, os amigos que estavam sempre l\u00e1 em casa e acompanhavam-nos com a presen\u00e7a do meu irm\u00e3o, de um dia para\u00a0o outro o afastamento dele foi extremamente desagrad\u00e1vel e a maneira como me trataram. N\u00e3o desejo o que passei a ningu\u00e9m&#8221;.<\/p>\n<p>&#8220;O meu \u00faltimo v\u00eddeo foi um alerta [antes de partir] Eu disse que precisava de ajuda. Nada disto foi em v\u00e3o. Quando fui para Madrid a \u00fanica coisa que queria era fugir de tudo. Sinceramente, a tua fam\u00edlia, amigos&#8230;&#8221;, disse ainda. &#8220;Isto que me fizeram \u00e9 impens\u00e1vel&#8230; fam\u00edlias inteiras&#8221;, lamentou.<\/p>\n<p>&#8220;N\u00e3o t\u00eam no\u00e7\u00e3o do que passei. Cheguei ao ponto de estar na rua, a dormir, a p\u00f4r-me debaixo de carros, sem comer, sem beber \u00e1gua. Acabei por bebeer \u00e1gua nos lava carros. Para me refugiar, subi a um telhado&#8221;. Foi a\u00ed que foram chamados os bombeiros. &#8220;Naquele momento senti que n\u00e3o queria mais estar aqui&#8221;<\/p>\n<p>Texto: Tom\u00e1s Casc\u00e3o; Fotos: Redes sociais<\/p>\n<p class=\"intagram-text\">Siga a Nova Gente no Instagram<\/p>\n<p>                        <a href=\"https:\/\/www.instagram.com\/revistanovagente\/\" target=\"_blank\" aria-label=\"instagram\" rel=\"noopener nofollow\"><img decoding=\"async\" style=\"display: block; margin-left: auto; margin-right: auto; width: 250px; height: 83px;\" src=\"https:\/\/www.europesays.com\/pt\/wp-content\/uploads\/2025\/11\/Instagram_NG.png\" alt=\"instagram\"\/><\/a><br \/>\n                    <script async src=\"\/\/www.instagram.com\/embed.js\"><\/script><\/p>\n","protected":false},"excerpt":{"rendered":"Iara Ramos\u00a0est\u00e1 de regresso a casa, s\u00e3 e salva ap\u00f3s dias muito conturbados em Madrid, local para onde&hellip;\n","protected":false},"author":2,"featured_media":156145,"comment_status":"","ping_status":"","sticky":false,"template":"","format":"standard","meta":{"footnotes":""},"categories":[145],"tags":[211,210,329,114,115,27562,32,33],"class_list":{"0":"post-156144","1":"post","2":"type-post","3":"status-publish","4":"format-standard","5":"has-post-thumbnail","7":"category-celebridades","8":"tag-celebridades","9":"tag-celebrities","10":"tag-claudio-ramos","11":"tag-entertainment","12":"tag-entretenimento","13":"tag-iara-ramos","14":"tag-portugal","15":"tag-pt"},"share_on_mastodon":{"url":"https:\/\/pubeurope.com\/@pt\/115569540823144408","error":""},"_links":{"self":[{"href":"https:\/\/www.europesays.com\/pt\/wp-json\/wp\/v2\/posts\/156144","targetHints":{"allow":["GET"]}}],"collection":[{"href":"https:\/\/www.europesays.com\/pt\/wp-json\/wp\/v2\/posts"}],"about":[{"href":"https:\/\/www.europesays.com\/pt\/wp-json\/wp\/v2\/types\/post"}],"author":[{"embeddable":true,"href":"https:\/\/www.europesays.com\/pt\/wp-json\/wp\/v2\/users\/2"}],"replies":[{"embeddable":true,"href":"https:\/\/www.europesays.com\/pt\/wp-json\/wp\/v2\/comments?post=156144"}],"version-history":[{"count":0,"href":"https:\/\/www.europesays.com\/pt\/wp-json\/wp\/v2\/posts\/156144\/revisions"}],"wp:featuredmedia":[{"embeddable":true,"href":"https:\/\/www.europesays.com\/pt\/wp-json\/wp\/v2\/media\/156145"}],"wp:attachment":[{"href":"https:\/\/www.europesays.com\/pt\/wp-json\/wp\/v2\/media?parent=156144"}],"wp:term":[{"taxonomy":"category","embeddable":true,"href":"https:\/\/www.europesays.com\/pt\/wp-json\/wp\/v2\/categories?post=156144"},{"taxonomy":"post_tag","embeddable":true,"href":"https:\/\/www.europesays.com\/pt\/wp-json\/wp\/v2\/tags?post=156144"}],"curies":[{"name":"wp","href":"https:\/\/api.w.org\/{rel}","templated":true}]}}