{"id":156164,"date":"2025-11-18T08:02:09","date_gmt":"2025-11-18T08:02:09","guid":{"rendered":"https:\/\/www.europesays.com\/pt\/156164\/"},"modified":"2025-11-18T08:02:09","modified_gmt":"2025-11-18T08:02:09","slug":"mario-cunha-eleito-fotografo-de-paisagem-do-ano-no-imaginature-fotografia","status":"publish","type":"post","link":"https:\/\/www.europesays.com\/pt\/156164\/","title":{"rendered":"M\u00e1rio Cunha eleito Fot\u00f3grafo de Paisagem do Ano no Imaginature | Fotografia"},"content":{"rendered":"<p dir=\"ltr\">M\u00e1rio Cunha voltou a ser eleito Fot\u00f3grafo de Paisagem do Ano no Festival de Fotografia de Paisagem Imaginature, organizado pelo munic\u00edpio de Manteigas, depois de ter vencido a competi\u00e7\u00e3o em <a href=\"https:\/\/www.publico.pt\/2023\/11\/28\/fugas\/fotogaleria\/concurso-fotografia-manteigas-411257\" rel=\"nofollow noopener\" target=\"_blank\">2023<\/a>.<\/p>\n<p dir=\"ltr\">\u201c\u00c9 um est\u00edmulo para continuar a olhar a paisagem portuguesa com aten\u00e7\u00e3o, respeito e emo\u00e7\u00e3o\u201d, reage o fot\u00f3grafo em comunicado. \u201cA fotografia \u00e9, para mim, uma forma de di\u00e1logo com o territ\u00f3rio \u2014 uma tentativa de compreender e celebrar o que de mais bonito Portugal tem para oferecer.\u201d<\/p>\n<p dir=\"ltr\">Formado em Biologia, <a href=\"https:\/\/www.publico.pt\/2025\/09\/20\/fugas\/perfil\/mario-cunha-fotografo-paisagem-ensina-viajar-tempo-2145885\" rel=\"nofollow noopener\" target=\"_blank\">M\u00e1rio Cunha<\/a> dedica-se em exclusivo \u00e0 fotografia de natureza e paisagem desde 2019, tendo lan\u00e7ado este ano o primeiro livro, Barbas del Diablo, um retrato fotogr\u00e1fico das paisagens de Vegaba\u00f1o, nos Picos da Europa.<\/p>\n<p>        &#13;<\/p>\n<p>&#13;<br \/>\n                &#13;\n            <\/p>\n<p>&#13;<\/p>\n<p dir=\"ltr\">Na 11.\u00aa edi\u00e7\u00e3o, o <a href=\"https:\/\/imaginature.cm-manteigas.pt\/\" target=\"_blank\" rel=\"nofollow noopener\">Festival de Fotografia de Paisagem Imaginature<\/a>, \u201cum dos mais relevantes eventos nacionais dedicados \u00e0 fotografia de natureza\u201d, decorreu em Manteigas este fim-de-semana, entre sa\u00eddas fotogr\u00e1ficas, palestras e momentos com marcas de material fotogr\u00e1fico, este ano subordinado ao tema \u201cPaisagem Extrema\u201d.<\/p>\n<p dir=\"ltr\">A entrega de pr\u00e9mios do concurso de fotografia voltou a ser um dos momentos-chave do evento, com a revela\u00e7\u00e3o dos vencedores nas diferentes categorias e a elei\u00e7\u00e3o do Fot\u00f3grafo de Paisagem do Ano, entregue ao autor que apresentou \u201co conjunto mais consistente e expressivo de imagens, reflectindo excel\u00eancia e diversidade t\u00e9cnica, sensibilidade est\u00e9tica e coer\u00eancia na forma como interpreta a paisagem natural\u201d, justifica a nota de imprensa.<\/p>\n<p dir=\"ltr\">Com quatro imagens, entre paisagens nevadas no cov\u00e3o d\u2019Ametade e na lagoa do Vale da Candeeira e C\u00e2ntaros, o nevoeiro na mata de Albergaria e uma perspectiva a\u00e9rea sobre o rendilhado do rio Coura, <a href=\"https:\/\/www.publico.pt\/2020\/04\/17\/fugas\/noticia\/luz-sombra-montanhas-magicas-mario-cunha-1911092\" rel=\"nofollow noopener\" target=\"_blank\">M\u00e1rio Cunha<\/a> venceu a categoria principal do concurso. J\u00e1 Nuno Rodrigues foi o primeiro classificado na categoria \u201cManteigas &#8211; Cora\u00e7\u00e3o da Montanha\u201d, Davide Gon\u00e7alves venceu nas \u201cPaisagens Naturais de Portugal\u201d, Johannes Kowalewski conquistou a categoria \u201cPaisagem \u00cdntima\u201d, e Manuel Carmona obteve o topo da classifica\u00e7\u00e3o em \u201cPaisagem Extrema\u201d.<\/p>\n","protected":false},"excerpt":{"rendered":"M\u00e1rio Cunha voltou a ser eleito Fot\u00f3grafo de Paisagem do Ano no Festival de Fotografia de Paisagem Imaginature,&hellip;\n","protected":false},"author":2,"featured_media":156165,"comment_status":"","ping_status":"","sticky":false,"template":"","format":"standard","meta":{"footnotes":""},"categories":[144],"tags":[207,205,206,203,201,202,204,114,115,2085,287,19679,1009,542,290,32,33,9906],"class_list":{"0":"post-156164","1":"post","2":"type-post","3":"status-publish","4":"format-standard","5":"has-post-thumbnail","7":"category-arte-e-design","8":"tag-arte","9":"tag-arte-e-design","10":"tag-artedesign","11":"tag-arts","12":"tag-arts-and-design","13":"tag-artsanddesign","14":"tag-design","15":"tag-entertainment","16":"tag-entretenimento","17":"tag-fotografia","18":"tag-fugas","19":"tag-manteigas","20":"tag-natureza","21":"tag-para-redes","22":"tag-passeios","23":"tag-portugal","24":"tag-pt","25":"tag-serra-da-estrela"},"share_on_mastodon":{"url":"https:\/\/pubeurope.com\/@pt\/115569658656635706","error":""},"_links":{"self":[{"href":"https:\/\/www.europesays.com\/pt\/wp-json\/wp\/v2\/posts\/156164","targetHints":{"allow":["GET"]}}],"collection":[{"href":"https:\/\/www.europesays.com\/pt\/wp-json\/wp\/v2\/posts"}],"about":[{"href":"https:\/\/www.europesays.com\/pt\/wp-json\/wp\/v2\/types\/post"}],"author":[{"embeddable":true,"href":"https:\/\/www.europesays.com\/pt\/wp-json\/wp\/v2\/users\/2"}],"replies":[{"embeddable":true,"href":"https:\/\/www.europesays.com\/pt\/wp-json\/wp\/v2\/comments?post=156164"}],"version-history":[{"count":0,"href":"https:\/\/www.europesays.com\/pt\/wp-json\/wp\/v2\/posts\/156164\/revisions"}],"wp:featuredmedia":[{"embeddable":true,"href":"https:\/\/www.europesays.com\/pt\/wp-json\/wp\/v2\/media\/156165"}],"wp:attachment":[{"href":"https:\/\/www.europesays.com\/pt\/wp-json\/wp\/v2\/media?parent=156164"}],"wp:term":[{"taxonomy":"category","embeddable":true,"href":"https:\/\/www.europesays.com\/pt\/wp-json\/wp\/v2\/categories?post=156164"},{"taxonomy":"post_tag","embeddable":true,"href":"https:\/\/www.europesays.com\/pt\/wp-json\/wp\/v2\/tags?post=156164"}],"curies":[{"name":"wp","href":"https:\/\/api.w.org\/{rel}","templated":true}]}}