{"id":156168,"date":"2025-11-18T08:09:09","date_gmt":"2025-11-18T08:09:09","guid":{"rendered":"https:\/\/www.europesays.com\/pt\/156168\/"},"modified":"2025-11-18T08:09:09","modified_gmt":"2025-11-18T08:09:09","slug":"europa-enfrenta-ameaca-crescente-de-infecoes-resistentes-a-farmacos-alertam-autoridades-de-saude","status":"publish","type":"post","link":"https:\/\/www.europesays.com\/pt\/156168\/","title":{"rendered":"Europa enfrenta amea\u00e7a crescente de infe\u00e7\u00f5es resistentes a f\u00e1rmacos, alertam autoridades de sa\u00fade"},"content":{"rendered":"<p>\n         Publicado a<br \/>\n            18\/11\/2025 &#8211; 9:00 GMT+1\n            <\/p>\n<p>Superbact\u00e9rias resistentes aos antimicrobianos s\u00e3o uma amea\u00e7a crescente para a sa\u00fade em toda a Europa e podem anular anos de avan\u00e7os m\u00e9dicos, alertaram as autoridades de sa\u00fade num novo relat\u00f3rio.<\/p>\n<p>Resist\u00eancia aos antimicrobianos (RAM) ocorre quando agentes patog\u00e9nicos, como bact\u00e9rias ou v\u00edrus, evoluem ao ponto de conseguirem escapar aos medicamentos existentes, tornando as infe\u00e7\u00f5es mais dif\u00edceis de tratar e procedimentos como transplantes de \u00f3rg\u00e3os e tratamentos oncol\u00f3gicos mais arriscados.<\/p>\n<p>A RAM provoca mais de 35 mil mortes por ano na Uni\u00e3o Europeia, Isl\u00e2ndia, Liechtenstein e Noruega, segundo estimativas do Centro Europeu de Preven\u00e7\u00e3o e Controlo das Doen\u00e7as (ECDC) divulgadas na ter\u00e7a-feira.<\/p>\n<p>Um conjunto de fatores criou uma \u201ctempestade perfeita\u201d para a RAM, disse a ag\u00eancia: o envelhecimento da popula\u00e7\u00e3o europeia torna-a mais vulner\u00e1vel a infe\u00e7\u00f5es; patog\u00e9nios resistentes a medicamentos est\u00e3o a espalhar-se al\u00e9m-fronteiras; m\u00e9dicos e doentes recorrem em excesso aos antibi\u00f3ticos; e h\u00e1 lacunas cr\u00edticas na preven\u00e7\u00e3o e no controlo de infe\u00e7\u00f5es.<\/p>\n<p>\u201c\u00c9 preciso garantir que ningu\u00e9m na Europa fique sem uma op\u00e7\u00e3o terap\u00eautica eficaz\u201d, disse o Dr. Diamantis Plachouras, que lidera o trabalho do ECDC sobre RAM e infe\u00e7\u00f5es associadas aos cuidados de sa\u00fade.<\/p>\n<p>Em 2023, o Conselho da UE fixou cinco metas para os Estados-membros: travar o uso de antibi\u00f3ticos, garantir que pelo menos 65% dos antibi\u00f3ticos utilizados sejam de primeira linha e reduzir o n\u00famero de novas infe\u00e7\u00f5es da corrente sangu\u00ednea por tr\u00eas tipos de bact\u00e9rias resistentes.<\/p>\n<p>A Europa s\u00f3 cumpriu um destes objetivos at\u00e9 agora, indica o relat\u00f3rio. Face a 2019, as novas infe\u00e7\u00f5es da corrente sangu\u00ednea por Staphylococcus aureus resistente \u00e0 meticilina (MRSA) diminu\u00edram 20,4%, superando a meta de 15%.<\/p>\n<p>O bloco n\u00e3o se sai t\u00e3o bem noutras medidas. Desde 2019, as novas infe\u00e7\u00f5es da corrente sangu\u00ednea causadas por outra destas bact\u00e9rias, Klebsiella pneumoniae resistente aos carbapenemos, aumentaram mais de 60%, apesar de a meta apontar para uma redu\u00e7\u00e3o de 5%, referiu o ECDC.<\/p>\n<p>Entretanto, as infe\u00e7\u00f5es causadas por uma estirpe de Escherichia coli (E. coli) altamente resistente subiram mais de 5%, apesar de a meta ser uma redu\u00e7\u00e3o de 10%.<\/p>\n<p>Os europeus tamb\u00e9m est\u00e3o a tomar mais antibi\u00f3ticos do que no passado, e muitos s\u00e3o f\u00e1rmacos que, segundo as autoridades, s\u00f3 devem ser usados em \u00faltimo recurso quando os de primeira linha n\u00e3o s\u00e3o eficazes.<\/p>\n<p>Em paralelo, h\u00e1 poucos antibi\u00f3ticos novos no horizonte para combater bact\u00e9rias priorit\u00e1rias, como as gram-negativas resistentes aos carbapenemos (CR-GNB), disse o ECDC.<\/p>\n<p>A diretora do ECDC, Dra. Pamela Rendi-Wagner, afirmou que a Europa precisa de investir mais em promover o uso respons\u00e1vel de antibi\u00f3ticos, controlar infe\u00e7\u00f5es e desenvolver novos antibi\u00f3ticos.<\/p>\n<p>\u201cCombater a RAM exige inova\u00e7\u00e3o decisiva\u201d, afirmou em comunicado.<\/p>\n","protected":false},"excerpt":{"rendered":"Publicado a 18\/11\/2025 &#8211; 9:00 GMT+1 Superbact\u00e9rias resistentes aos antimicrobianos s\u00e3o uma amea\u00e7a crescente para a sa\u00fade em&hellip;\n","protected":false},"author":2,"featured_media":156169,"comment_status":"","ping_status":"","sticky":false,"template":"","format":"standard","meta":{"footnotes":""},"categories":[86],"tags":[1895,116,32,33,117,896],"class_list":{"0":"post-156168","1":"post","2":"type-post","3":"status-publish","4":"format-standard","5":"has-post-thumbnail","7":"category-saude","8":"tag-bacteria","9":"tag-health","10":"tag-portugal","11":"tag-pt","12":"tag-saude","13":"tag-saude-publica"},"share_on_mastodon":{"url":"https:\/\/pubeurope.com\/@pt\/115569686120495737","error":""},"_links":{"self":[{"href":"https:\/\/www.europesays.com\/pt\/wp-json\/wp\/v2\/posts\/156168","targetHints":{"allow":["GET"]}}],"collection":[{"href":"https:\/\/www.europesays.com\/pt\/wp-json\/wp\/v2\/posts"}],"about":[{"href":"https:\/\/www.europesays.com\/pt\/wp-json\/wp\/v2\/types\/post"}],"author":[{"embeddable":true,"href":"https:\/\/www.europesays.com\/pt\/wp-json\/wp\/v2\/users\/2"}],"replies":[{"embeddable":true,"href":"https:\/\/www.europesays.com\/pt\/wp-json\/wp\/v2\/comments?post=156168"}],"version-history":[{"count":0,"href":"https:\/\/www.europesays.com\/pt\/wp-json\/wp\/v2\/posts\/156168\/revisions"}],"wp:featuredmedia":[{"embeddable":true,"href":"https:\/\/www.europesays.com\/pt\/wp-json\/wp\/v2\/media\/156169"}],"wp:attachment":[{"href":"https:\/\/www.europesays.com\/pt\/wp-json\/wp\/v2\/media?parent=156168"}],"wp:term":[{"taxonomy":"category","embeddable":true,"href":"https:\/\/www.europesays.com\/pt\/wp-json\/wp\/v2\/categories?post=156168"},{"taxonomy":"post_tag","embeddable":true,"href":"https:\/\/www.europesays.com\/pt\/wp-json\/wp\/v2\/tags?post=156168"}],"curies":[{"name":"wp","href":"https:\/\/api.w.org\/{rel}","templated":true}]}}