{"id":156170,"date":"2025-11-18T08:11:09","date_gmt":"2025-11-18T08:11:09","guid":{"rendered":"https:\/\/www.europesays.com\/pt\/156170\/"},"modified":"2025-11-18T08:11:09","modified_gmt":"2025-11-18T08:11:09","slug":"apple-traz-fim-da-siri-ios-26-2-deixa-ter-outro-assistente-no-iphone","status":"publish","type":"post","link":"https:\/\/www.europesays.com\/pt\/156170\/","title":{"rendered":"Apple traz fim da Siri? iOS 26.2 deixa ter outro assistente no iPhone"},"content":{"rendered":"<p>T\u00eam sido muitas as mudan\u00e7as da Apple para o iOS e para o iPhone. Muitas destas altera\u00e7\u00f5es surgem por imposi\u00e7\u00f5es dos reguladores, algo a que a empresa tenta fugir, ainda que com pouco sucesso. A pr\u00f3xima mudan\u00e7a parece ter impacto na Siri, ao permitir mudar o assistente pessoal para outras propostas. Tudo acontecer\u00e1 no iOS 26.2.<\/p>\n<p><a target=\"_blank\" href=\"https:\/\/pplware.sapo.pt\/wp-content\/uploads\/2025\/10\/nova_siri_atrasada00.webp\" rel=\"nofollow noopener\"><img fetchpriority=\"high\" decoding=\"async\" src=\"https:\/\/www.europesays.com\/pt\/wp-content\/uploads\/2025\/11\/nova_siri_atrasada00-1024x576.webp.webp\" alt=\"Apple iOS 26.2 assistente Siri iPhone\" width=\"720\" height=\"405\" class=\"aligncenter size-large wp-image-1084191\"  \/><\/a>\n<\/p>\n<p>Apple traz o fim da Siri com o iOS 26.2?<\/p>\n<p>A Apple est\u00e1 a dar passos significativos no sentido de abrir o seu ecossistema. O mais recente passo vem garantir aos utilizadores do iPhone escolher um assistente de voz que n\u00e3o seja a Siri. A descoberta, feita na terceira beta do iOS 26.2, revela c\u00f3digos que preparam o terreno para esta mudan\u00e7a, largamente atribu\u00edda \u00e0 press\u00e3o regulat\u00f3ria, nomeadamente a DMA da Uni\u00e3o Europeia.<\/p>\n<p>Analistas e publica\u00e7\u00f5es especializadas detetaram no c\u00f3digo de frameworks privados da Siri m\u00faltiplas refer\u00eancias a um novo comportamento do Bot\u00e3o Lateral do iPhone. Tradicionalmente este ativa a Siri atrav\u00e9s de um toque prolongado. Os excertos de c\u00f3digo sugerem uma nova flexibilidade regional para este gesto.<\/p>\n<p>Estes ind\u00edcios apontam para que os utilizadores possam designar aplica\u00e7\u00f5es de terceiros, como o Google Assistant ou a Amazon Alexa, para a fun\u00e7\u00e3o que atualmente \u00e9 exclusiva da Siri. A expectativa inicial apontava a Uni\u00e3o Europeia como o principal benefici\u00e1rio desta funcionalidade. Isto aconteceria devido \u00e0s regras da DMA, a implementa\u00e7\u00e3o inicial do iOS 26.2 surge com uma restri\u00e7\u00e3o geogr\u00e1fica.<\/p>\n<ul>\n<li>&#8220;Press and Hold to Speak is not available while the Side Button is assigned to %@.&#8221;<\/li>\n<li>&#8220;Side Button Settings&#8221;<\/li>\n<li>&#8220;Select Another Default Side Button App&#8221;<\/li>\n<li>&#8220;The default Side Button app cannot be hidden. You can change your default apps in Settings.&#8221;<\/li>\n<li>&#8220;The default Side Button app cannot be locked. You can change your default apps in Settings.&#8221;<\/li>\n<li>&#8220;%@ is no longer eligible for use with the Side Button. Contact the app developer for more information.&#8221;<\/li>\n<li>&#8220;%@ is not available for use with the Side Button in your region.&#8221;<\/li>\n<\/ul>\n<p>Permitir\u00e1 usar outro assistente no iPhone<\/p>\n<p>Segundo as \u00faltimas informa\u00e7\u00f5es, a funcionalidade de substitui\u00e7\u00e3o do assistente de voz ser\u00e1, por agora, limitada a utilizadores com uma conta Apple japonesa e localizados no Jap\u00e3o. Contudo, o contexto da descoberta e a linguagem embutida no c\u00f3digo continuam a sugerir que a expans\u00e3o para o continente europeu \u00e9 apenas uma quest\u00e3o de tempo.<\/p>\n<p>O DMA exige que empresas como a Apple, classificadas como gatekeepers, garantam que os utilizadores possam &#8220;facilmente&#8221; alterar as aplica\u00e7\u00f5es e funcionalidades predefinidas. A possibilidade de trocar a Siri seria, assim, uma resposta direta a estas exig\u00eancias, tal como aconteceu com a abertura a lojas de aplica\u00e7\u00f5es de terceiros e a permiss\u00e3o de altera\u00e7\u00e3o da app de carteira digital.<\/p>\n<p>Embora a Apple n\u00e3o tenha confirmado publicamente planos ou cronogramas para o lan\u00e7amento desta funcionalidade na UE, a inclus\u00e3o do c\u00f3digo no iOS 26.2 representa um passo t\u00e9cnico fundamental para a conformidade com as exig\u00eancias regulat\u00f3rias globais. A quest\u00e3o em aberto reside no momento em que a op\u00e7\u00e3o de substitui\u00e7\u00e3o da Siri chegar\u00e1 finalmente aos milh\u00f5es de utilizadores de iPhone na Europa.<\/p>\n","protected":false},"excerpt":{"rendered":"T\u00eam sido muitas as mudan\u00e7as da Apple para o iOS e para o iPhone. Muitas destas altera\u00e7\u00f5es surgem&hellip;\n","protected":false},"author":2,"featured_media":118378,"comment_status":"","ping_status":"","sticky":false,"template":"","format":"standard","meta":{"footnotes":""},"categories":[84],"tags":[247,6264,109,107,108,31142,2853,32,33,105,103,104,5830,106,110],"class_list":{"0":"post-156170","1":"post","2":"type-post","3":"status-publish","4":"format-standard","5":"has-post-thumbnail","7":"category-ciencia-e-tecnologia","8":"tag-apple","9":"tag-assistente","10":"tag-ciencia","11":"tag-ciencia-e-tecnologia","12":"tag-cienciaetecnologia","13":"tag-ios-26-2","14":"tag-iphone-ipod","15":"tag-portugal","16":"tag-pt","17":"tag-science","18":"tag-science-and-technology","19":"tag-scienceandtechnology","20":"tag-siri","21":"tag-technology","22":"tag-tecnologia"},"share_on_mastodon":{"url":"https:\/\/pubeurope.com\/@pt\/115569694220795466","error":""},"_links":{"self":[{"href":"https:\/\/www.europesays.com\/pt\/wp-json\/wp\/v2\/posts\/156170","targetHints":{"allow":["GET"]}}],"collection":[{"href":"https:\/\/www.europesays.com\/pt\/wp-json\/wp\/v2\/posts"}],"about":[{"href":"https:\/\/www.europesays.com\/pt\/wp-json\/wp\/v2\/types\/post"}],"author":[{"embeddable":true,"href":"https:\/\/www.europesays.com\/pt\/wp-json\/wp\/v2\/users\/2"}],"replies":[{"embeddable":true,"href":"https:\/\/www.europesays.com\/pt\/wp-json\/wp\/v2\/comments?post=156170"}],"version-history":[{"count":0,"href":"https:\/\/www.europesays.com\/pt\/wp-json\/wp\/v2\/posts\/156170\/revisions"}],"wp:featuredmedia":[{"embeddable":true,"href":"https:\/\/www.europesays.com\/pt\/wp-json\/wp\/v2\/media\/118378"}],"wp:attachment":[{"href":"https:\/\/www.europesays.com\/pt\/wp-json\/wp\/v2\/media?parent=156170"}],"wp:term":[{"taxonomy":"category","embeddable":true,"href":"https:\/\/www.europesays.com\/pt\/wp-json\/wp\/v2\/categories?post=156170"},{"taxonomy":"post_tag","embeddable":true,"href":"https:\/\/www.europesays.com\/pt\/wp-json\/wp\/v2\/tags?post=156170"}],"curies":[{"name":"wp","href":"https:\/\/api.w.org\/{rel}","templated":true}]}}