{"id":156171,"date":"2025-11-18T08:15:10","date_gmt":"2025-11-18T08:15:10","guid":{"rendered":"https:\/\/www.europesays.com\/pt\/156171\/"},"modified":"2025-11-18T08:15:10","modified_gmt":"2025-11-18T08:15:10","slug":"cristiano-ronaldo-recebido-por-donald-trump-esta-terca-feira","status":"publish","type":"post","link":"https:\/\/www.europesays.com\/pt\/156171\/","title":{"rendered":"Cristiano Ronaldo recebido por Donald Trump esta ter\u00e7a-feira"},"content":{"rendered":"<p data-remotead-prev-elm=\"true\" data-remotead-elm-id=\"inread\">No mesmo dia, esta ter\u00e7a-feira, Donald Trump recebe tamb\u00e9m uma delega\u00e7\u00e3o liderada pelo pr\u00edncipe saudita Mohammed bin Salman.<\/p>\n<p>Recorde-se que ainda recentemente, em entrevista ao jornalista brit\u00e2nico Piers Morgan, Cristiano Ronaldo deixou elogios a Donald Trump, dizendo que o admira e que gostava de o conhecer.<\/p>\n<blockquote data-type=\"articles\" data-id=\"related-article-18017364\"><p>\n              <strong>Leia tamb\u00e9m <\/strong><br \/>\n              <a href=\"https:\/\/www.jn.pt\/pessoas\/artigo\/ronaldo-quer-sentar-se-com-trump-ele-pode-mudar-o-mundo\/18017364\" rel=\"nofollow noopener\" target=\"_blank\">Ronaldo quer sentar-se com Trump: &#8220;Ele pode mudar o Mundo&#8221;<\/a>\n            <\/p><\/blockquote>\n<p>&#8220;Espero poder conversar com ele algum dia, porque ele \u00e9 uma daquelas pessoas de quem eu realmente gosto. Acho que ele consegue fazer as coisas acontecerem, e eu respeito pessoas assim. Donald Trump \u00e9 uma daquelas pessoas que podem ajudar a mudar o mundo&#8221;, afirmou ent\u00e3o Cristiano Ronaldo.<\/p>\n","protected":false},"excerpt":{"rendered":"No mesmo dia, esta ter\u00e7a-feira, Donald Trump recebe tamb\u00e9m uma delega\u00e7\u00e3o liderada pelo pr\u00edncipe saudita Mohammed bin Salman.&hellip;\n","protected":false},"author":2,"featured_media":156172,"comment_status":"","ping_status":"","sticky":false,"template":"","format":"standard","meta":{"footnotes":""},"categories":[8],"tags":[27,28,667,135,92,15,16,14,25,26,21,22,12,13,19,20,32,23,24,33,17,18,29,30,31],"class_list":{"0":"post-156171","1":"post","2":"type-post","3":"status-publish","4":"format-standard","5":"has-post-thumbnail","7":"category-principais-noticias","8":"tag-breaking-news","9":"tag-breakingnews","10":"tag-cristiano-ronaldo","11":"tag-desporto","12":"tag-donald-trump","13":"tag-featured-news","14":"tag-featurednews","15":"tag-headlines","16":"tag-latest-news","17":"tag-latestnews","18":"tag-main-news","19":"tag-mainnews","20":"tag-news","21":"tag-noticias","22":"tag-noticias-principais","23":"tag-noticiasprincipais","24":"tag-portugal","25":"tag-principais-noticias","26":"tag-principaisnoticias","27":"tag-pt","28":"tag-top-stories","29":"tag-topstories","30":"tag-ultimas","31":"tag-ultimas-noticias","32":"tag-ultimasnoticias"},"share_on_mastodon":{"url":"https:\/\/pubeurope.com\/@pt\/115569710007635115","error":""},"_links":{"self":[{"href":"https:\/\/www.europesays.com\/pt\/wp-json\/wp\/v2\/posts\/156171","targetHints":{"allow":["GET"]}}],"collection":[{"href":"https:\/\/www.europesays.com\/pt\/wp-json\/wp\/v2\/posts"}],"about":[{"href":"https:\/\/www.europesays.com\/pt\/wp-json\/wp\/v2\/types\/post"}],"author":[{"embeddable":true,"href":"https:\/\/www.europesays.com\/pt\/wp-json\/wp\/v2\/users\/2"}],"replies":[{"embeddable":true,"href":"https:\/\/www.europesays.com\/pt\/wp-json\/wp\/v2\/comments?post=156171"}],"version-history":[{"count":0,"href":"https:\/\/www.europesays.com\/pt\/wp-json\/wp\/v2\/posts\/156171\/revisions"}],"wp:featuredmedia":[{"embeddable":true,"href":"https:\/\/www.europesays.com\/pt\/wp-json\/wp\/v2\/media\/156172"}],"wp:attachment":[{"href":"https:\/\/www.europesays.com\/pt\/wp-json\/wp\/v2\/media?parent=156171"}],"wp:term":[{"taxonomy":"category","embeddable":true,"href":"https:\/\/www.europesays.com\/pt\/wp-json\/wp\/v2\/categories?post=156171"},{"taxonomy":"post_tag","embeddable":true,"href":"https:\/\/www.europesays.com\/pt\/wp-json\/wp\/v2\/tags?post=156171"}],"curies":[{"name":"wp","href":"https:\/\/api.w.org\/{rel}","templated":true}]}}