{"id":156195,"date":"2025-11-18T08:48:27","date_gmt":"2025-11-18T08:48:27","guid":{"rendered":"https:\/\/www.europesays.com\/pt\/156195\/"},"modified":"2025-11-18T08:48:27","modified_gmt":"2025-11-18T08:48:27","slug":"ceo-da-media-options-assaltado-com-arma-de-fogo-em-lisboa-diario-de-noticias","status":"publish","type":"post","link":"https:\/\/www.europesays.com\/pt\/156195\/","title":{"rendered":"CEO da Media Options assaltado com arma de fogo em Lisboa &#8211; Di\u00e1rio de Not\u00edcias"},"content":{"rendered":"<ol>\n<li><a href=\"https:\/\/news.google.com\/rss\/articles\/CBMijgFBVV95cUxOY1RrLVYxSGhRQVF0T0ZpNEgwVVlnMGFxd25XWG5YMWRXWEY1Mno1MGRDVXA5Sjk3d2cxOW9uODIxSWl5VXBvM1YxbDVxYlhtTkdkdFJpY2pqT0s1ZlVsbjNMWXg4TU84Y2pYNS0wQ1dDd2FfUU9zd2JWVkRtRGRDcXdYYm9HVGMyVW51QnVn?oc=5\" target=\"_blank\" rel=\"nofollow noopener\">CEO da Media Options assaltado com arma de fogo em Lisboa<\/a>&nbsp;&nbsp;Di\u00e1rio de Not\u00edcias<\/li>\n<li><a href=\"https:\/\/news.google.com\/rss\/articles\/CBMi4wFBVV95cUxNN1RmSXpGTlhUV3V3WEhMV3pFakkxRjlHY0VNQUVpUkx3V2FrblR2VzM4b0dCR2c5a2RfZWlpZk8zQjZ0TEJQMkdkZjAwX1pjOTNPTnc5UF9hbWFaenFjS3dib0lSSmtoeDNDNktOME1PLUl1dy1EbXo0OGV5VEw3T1dGakFWMDJuR1BXS0dGLTJGdk1lYkVlZVlGUmhtdGpJNVVjTlJ3X0ZJNk05SEsyQ3RZWFhjTlZ6elVsSjFnQmNJckVKYms1S0IzRmJsVi1JdlNQdVZYN2tYTUpHQlllTDlPYw?oc=5\" target=\"_blank\" rel=\"nofollow noopener\">Roubo \u00e0 m\u00e3o armada no Parque Eduardo VII em Lisboa. Assaltantes seguiam em duas motas e levaram rel\u00f3gio Rolex<\/a>&nbsp;&nbsp;Correio da Manh\u00e3<\/li>\n<li><a href=\"https:\/\/news.google.com\/rss\/articles\/CBMiqAFBVV95cUxOWDVLdXNIcTVXNGFEOFpmWXVocEZNZVpHY01aWDZRNENxTDdETGptTEVZM20ydDlaTGg5SXk5cW5RdWhqbE9nOTlWS2dRd3paem1FOFBsV2QxNUlJd09IN3l1Rzk5UlBXdURuUnE2WngzWnRJbkd3aXR4OGc4aFhsTHd1aFhMNkRJVFBhU210WE12ajZmX2tWbURqQ29jQXVTYW1LOTNXNXA?oc=5\" target=\"_blank\" rel=\"nofollow noopener\">V\u00eddeo mostra ladr\u00f5es a roubar rel\u00f3gio Rolex em plena luz do dia no centro de Lisboa<\/a>&nbsp;&nbsp;T\u00e1 Bonito<\/li>\n<li><a href=\"https:\/\/news.google.com\/rss\/articles\/CBMiwgFBVV95cUxQX3FWMkNsRWtTY2lJSGxoSkRkMDNXb3Bpb1dWZkRKOEhSUkY2THM3V1lYbHg0SzNRckdFM2ROTXpoaFJ0OFczaDBGX2ZHVHNaZU1sWnB5Rm1PZkFXazBOd3NtN2U0VWtnSF9rNXYybFlrd3RKS3k0NE1ReVowcWhxTUUxT212bW82WHA3WncyVDFZQnJTVkhRT1FiRE5vSXQtM2I1OXExS2tqUTdiVElPQ0pBLUJkOFZjVEc2bThDTWhxZw?oc=5\" target=\"_blank\" rel=\"nofollow noopener\">Assaltantes armados roubam rel\u00f3gio rolex em plena luz do dia no Parque Eduardo VII em Lisboa<\/a>&nbsp;&nbsp;Jornal SOL<\/li>\n<li><a href=\"https:\/\/news.google.com\/rss\/articles\/CBMi0gFBVV95cUxOZmhDcDRWXzlFZ0RpX3RmUks2WXYwU0VRMTZIbjZyTGtMenhrNmJ6TGx4dUhTR0swcTZVbGpiREhQSnBDcThmb1VDMVlBYVpDQUxFT0kxa25GWG8xVk1GMHNzTXR1TExBazJuQl9ZcWVWakotampuQ193Q1pHd2pZZ05TN2t2eHozSkpWLUx0dHlabmxQZWV1cmc1TjVTQk5fVFpwR0RqVmViZm1VcjZ3YWtxVElIMXVnVmk3WGtHTDZPSmxQRF8xRG9GRkVMSUgxV3fSAdcBQVVfeXFMUDVaOUt0MVc0OHpGdTM0d0VqTmxsQXJjd3ZkV3NCZXpCT2p5d1FYenFPODFUTkRYenlqYXRVZmhzbkFpLUpSWkhCZ0xfdWkzc0VwUDdPZWJuVjRFN3RJak5saC0xOUlNcjR4SjVkSnZuNHJ6M1kxeFpUMGZqYVdld193bHJSc3BkRjI5aktOZzRXejhxNVI3OXlhRlhCcHN6RjdHWm9zTEluOHV5LUdBWTdWTXJ6dDByMnhfMTE5dU1fQmNTdkhZUmFFZDVnOEVjbUNLWnF2ejA?oc=5\" target=\"_blank\" rel=\"nofollow noopener\">Roubo \u00e0 m\u00e3o armada no centro de Lisboa: v\u00edtima ficou sem Rolex<\/a>&nbsp;&nbsp;CNN Portugal<\/li>\n<\/ol>\n","protected":false},"excerpt":{"rendered":"CEO da Media Options assaltado com arma de fogo em Lisboa&nbsp;&nbsp;Di\u00e1rio de Not\u00edcias Roubo \u00e0 m\u00e3o armada no&hellip;\n","protected":false},"author":2,"featured_media":156196,"comment_status":"","ping_status":"","sticky":false,"template":"","format":"standard","meta":{"footnotes":""},"categories":[8],"tags":[2446,27,28,584,15,16,14,25,26,21,22,12,13,19,20,32,23,24,33,17,18,29,30,31],"class_list":{"0":"post-156195","1":"post","2":"type-post","3":"status-publish","4":"format-standard","5":"has-post-thumbnail","7":"category-principais-noticias","8":"tag-assalto","9":"tag-breaking-news","10":"tag-breakingnews","11":"tag-elon-musk","12":"tag-featured-news","13":"tag-featurednews","14":"tag-headlines","15":"tag-latest-news","16":"tag-latestnews","17":"tag-main-news","18":"tag-mainnews","19":"tag-news","20":"tag-noticias","21":"tag-noticias-principais","22":"tag-noticiasprincipais","23":"tag-portugal","24":"tag-principais-noticias","25":"tag-principaisnoticias","26":"tag-pt","27":"tag-top-stories","28":"tag-topstories","29":"tag-ultimas","30":"tag-ultimas-noticias","31":"tag-ultimasnoticias"},"share_on_mastodon":{"url":"https:\/\/pubeurope.com\/@pt\/115569840579740836","error":""},"_links":{"self":[{"href":"https:\/\/www.europesays.com\/pt\/wp-json\/wp\/v2\/posts\/156195","targetHints":{"allow":["GET"]}}],"collection":[{"href":"https:\/\/www.europesays.com\/pt\/wp-json\/wp\/v2\/posts"}],"about":[{"href":"https:\/\/www.europesays.com\/pt\/wp-json\/wp\/v2\/types\/post"}],"author":[{"embeddable":true,"href":"https:\/\/www.europesays.com\/pt\/wp-json\/wp\/v2\/users\/2"}],"replies":[{"embeddable":true,"href":"https:\/\/www.europesays.com\/pt\/wp-json\/wp\/v2\/comments?post=156195"}],"version-history":[{"count":0,"href":"https:\/\/www.europesays.com\/pt\/wp-json\/wp\/v2\/posts\/156195\/revisions"}],"wp:featuredmedia":[{"embeddable":true,"href":"https:\/\/www.europesays.com\/pt\/wp-json\/wp\/v2\/media\/156196"}],"wp:attachment":[{"href":"https:\/\/www.europesays.com\/pt\/wp-json\/wp\/v2\/media?parent=156195"}],"wp:term":[{"taxonomy":"category","embeddable":true,"href":"https:\/\/www.europesays.com\/pt\/wp-json\/wp\/v2\/categories?post=156195"},{"taxonomy":"post_tag","embeddable":true,"href":"https:\/\/www.europesays.com\/pt\/wp-json\/wp\/v2\/tags?post=156195"}],"curies":[{"name":"wp","href":"https:\/\/api.w.org\/{rel}","templated":true}]}}