{"id":156197,"date":"2025-11-18T08:49:10","date_gmt":"2025-11-18T08:49:10","guid":{"rendered":"https:\/\/www.europesays.com\/pt\/156197\/"},"modified":"2025-11-18T08:49:10","modified_gmt":"2025-11-18T08:49:10","slug":"estrategia-de-jogo-record","status":"publish","type":"post","link":"https:\/\/www.europesays.com\/pt\/156197\/","title":{"rendered":"\u2018Estrat\u00e9gia de jogo\u2019 \u2013 Record"},"content":{"rendered":"<p><img decoding=\"async\" data-chromatic=\"ignore\" alt=\"\" class=\"c-image\" loading=\"lazy\" src=\"https:\/\/www.europesays.com\/pt\/wp-content\/uploads\/2025\/11\/6GGFEBOEIRE7XHQ7QBGANVAENQ.png\"  width=\"677\" height=\"339\"\/>Voc\u00ea concorda com a atitude de Ray? Reprodu\u00e7\u00e3o\/RecordPlus <\/p>\n<p class=\"jarvics:base-text-neutral-high-400 base-text-[calc(theme(fontSize.xs)_*_var(--font-size,_1))] base-font-normal base-font-primary base-text-neutral-low-500 base-text-left\">A rivalidade entre os pe\u00f5es de <a href=\"https:\/\/record.r7.com\/a-fazenda\/a-fazenda-17\/\" target=\"_self\" rel=\"nofollow noopener\" title=\"https:\/\/record.r7.com\/a-fazenda\/a-fazenda-17\/\"><b>A Fazenda 17<\/b><\/a> se espalhou por todos os cantos de Itapecerica das Chamas e, ultimamente, vem afetando a \u00c1rea dos Animais. Ap\u00f3s causar duas puni\u00e7\u00f5es e uma s\u00e9rie de tretas por n\u00e3o realizar o trato dos b\u00fafalos, <a href=\"https:\/\/record.r7.com\/a-fazenda\/a-fazenda-17\/peoes\/rayane-figliuzzi\" target=\"_self\" rel=\"nofollow noopener\" title=\"https:\/\/record.r7.com\/a-fazenda\/a-fazenda-17\/peoes\/rayane-figliuzzi\"><b>Rayane Figliuzzi<\/b><\/a> abriu o jogo com <a href=\"https:\/\/record.r7.com\/a-fazenda\/a-fazenda-17\/peoes\/maria-caporusso\" target=\"_self\" rel=\"nofollow noopener\" title=\"https:\/\/record.r7.com\/a-fazenda\/a-fazenda-17\/peoes\/maria-caporusso\"><b>Maria Caporusso<\/b><\/a>. <\/p>\n<ul class=\"b-article-body__list-unordered\">\n<li><b>Quer ficar por dentro de tudo que est\u00e1 acontecendo em\u00a0<\/b><b>A Fazenda 17<\/b><b>?\u00a0<\/b><a href=\"https:\/\/www.whatsapp.com\/channel\/0029Va2cJIR1noz2ahzX0D1N\" rel=\"nofollow noopener\" title=\"https:\/\/www.whatsapp.com\/channel\/0029Va2cJIR1noz2ahzX0D1N\" target=\"_blank\"><b>Clique aqui<\/b><\/a><b>\u00a0e fa\u00e7a parte do nosso canal no WhatsApp!<\/b><\/li>\n<\/ul>\n<p class=\"jarvics:base-text-neutral-high-400 base-text-[calc(theme(fontSize.xs)_*_var(--font-size,_1))] base-font-normal base-font-primary base-text-neutral-low-500 base-text-left\">Antes mesmo de ser <a href=\"https:\/\/record.r7.com\/a-fazenda\/a-fazenda-17\/novidades\/fotos\/vinganca-saory-cardoso-coloca-rivais-nos-tratos-mais-dificeis-e-treta-estoura-13112025\/\" target=\"_self\" rel=\"nofollow noopener\" title=\"https:\/\/record.r7.com\/a-fazenda\/a-fazenda-17\/novidades\/fotos\/vinganca-saory-cardoso-coloca-rivais-nos-tratos-mais-dificeis-e-treta-estoura-13112025\/\"><b>escolhida para a fun\u00e7\u00e3o<\/b><\/a> por <a href=\"https:\/\/record.r7.com\/a-fazenda\/a-fazenda-17\/peoes\/saory-cardoso\" target=\"_self\" rel=\"nofollow noopener\" title=\"https:\/\/record.r7.com\/a-fazenda\/a-fazenda-17\/peoes\/saory-cardoso\"><b>Saory Cardoso<\/b><\/a>, a empres\u00e1ria deixou avisado que n\u00e3o iria cumprir. Desde a vit\u00f3ria da dentista na <a href=\"https:\/\/record.r7.com\/a-fazenda\/a-fazenda-17\/novidades\/fotos\/nova-mandachuva-veja-como-foi-a-vitoria-de-saory-cardoso-na-prova-do-fazendeiro-13112025\/\" target=\"_self\" rel=\"nofollow noopener\" title=\"https:\/\/record.r7.com\/a-fazenda\/a-fazenda-17\/novidades\/fotos\/nova-mandachuva-veja-como-foi-a-vitoria-de-saory-cardoso-na-prova-do-fazendeiro-13112025\/\"><b>Prova do Fazendeiro<\/b><\/a>, as confus\u00f5es entre ela e Ray se intensificaram, principalmente quando se trata dos cuidados com os animais. <\/p>\n<p class=\"jarvics:base-text-neutral-high-400 base-text-[calc(theme(fontSize.xs)_*_var(--font-size,_1))] base-font-normal base-font-primary base-text-neutral-low-500 base-text-left\">A empres\u00e1ria alegou que deixaria a Fazendeira cuidar das depend\u00eancias do reality sozinha e uma <a href=\"https:\/\/record.r7.com\/a-fazenda\/a-fazenda-17\/novidades\/treta-feia-lingua-afiada-e-choro-marcam-a-madrugada-de-a-fazenda-rato-do-pior-esgoto-13112025\/\" target=\"_self\" rel=\"nofollow noopener\" title=\"https:\/\/record.r7.com\/a-fazenda\/a-fazenda-17\/novidades\/treta-feia-lingua-afiada-e-choro-marcam-a-madrugada-de-a-fazenda-rato-do-pior-esgoto-13112025\/\"><b>treta generalizada explodiu<\/b><\/a>. Contudo, Saory n\u00e3o deixou barato para a rival e a situa\u00e7\u00e3o foi s\u00f3 ladeira abaixo. <\/p>\n<p class=\"jarvics:base-text-neutral-high-400 base-text-[calc(theme(fontSize.xs)_*_var(--font-size,_1))] base-font-normal base-font-primary base-text-neutral-low-500 base-text-left\">Chegou no ponto em que um regador foi usado em uma briga pesada entre as duas e a sede levou uma <a href=\"https:\/\/record.r7.com\/a-fazenda\/a-fazenda-17\/novidades\/galisteu-da-bronca-ao-vivo-nos-peoes-nao-e-para-ficar-testando-o-limite-da-producao-14112025\/\" target=\"_self\" rel=\"nofollow noopener\" title=\"https:\/\/record.r7.com\/a-fazenda\/a-fazenda-17\/novidades\/galisteu-da-bronca-ao-vivo-nos-peoes-nao-e-para-ficar-testando-o-limite-da-producao-14112025\/\"><b>bronca<\/b><\/a> de <a href=\"https:\/\/record.r7.com\/a-fazenda\/a-fazenda-17\/adriane-galisteu\/\" target=\"_self\" rel=\"nofollow noopener\" title=\"https:\/\/record.r7.com\/a-fazenda\/a-fazenda-17\/adriane-galisteu\/\"><b>Adriane Galisteu<\/b><\/a>. Enquanto Saory fazia barulho com o item de jardinagem, Ray colocou a m\u00e3o em baixo e pediu a expuls\u00e3o da rival. <\/p>\n<p class=\"jarvics:base-text-neutral-high-400 base-text-[calc(theme(fontSize.xs)_*_var(--font-size,_1))] base-font-normal base-font-primary base-text-neutral-low-500 base-text-left\">Com o suposto machucado causado na treta, a empres\u00e1ria se ausentou da \u00c1rea dos Animais durante o comando de Saory. <\/p>\n<p class=\"jarvics:base-text-neutral-high-400 base-text-[calc(theme(fontSize.xs)_*_var(--font-size,_1))] base-font-normal base-font-primary base-text-neutral-low-500 base-text-left\">Ap\u00f3s protagonizar <a href=\"https:\/\/record.r7.com\/a-fazenda\/a-fazenda-17\/novidades\/barracos-em-sequencia-incendeiam-a-sede-de-a-fazenda-com-direito-a-xingamentos-e-acusacoes-13112025\/\" target=\"_self\" rel=\"nofollow noopener\" title=\"https:\/\/record.r7.com\/a-fazenda\/a-fazenda-17\/novidades\/barracos-em-sequencia-incendeiam-a-sede-de-a-fazenda-com-direito-a-xingamentos-e-acusacoes-13112025\/\"><b>verdadeiros barracos<\/b><\/a> na sede, <a href=\"https:\/\/record.r7.com\/a-fazenda\/a-fazenda-17\/novidades\/fazendeira-escondida-saory-cardoso-se-nega-a-ajudar-rayane-figliuzzi-e-incendeia-sede-16112025\/\" target=\"_self\" rel=\"nofollow noopener\" title=\"https:\/\/record.r7.com\/a-fazenda\/a-fazenda-17\/novidades\/fazendeira-escondida-saory-cardoso-se-nega-a-ajudar-rayane-figliuzzi-e-incendeia-sede-16112025\/\"><b>esconde-esconde<\/b><\/a> com a Fazendeira, <a href=\"https:\/\/record.r7.com\/a-fazenda\/a-fazenda-17\/novidades\/rayane-figliuzzi-provoca-punicao-por-nao-cuidar-dos-bufalos-e-revolta-peoes-cade-o-atestado-15112025\/\" target=\"_self\" rel=\"nofollow noopener\" title=\"https:\/\/record.r7.com\/a-fazenda\/a-fazenda-17\/novidades\/rayane-figliuzzi-provoca-punicao-por-nao-cuidar-dos-bufalos-e-revolta-peoes-cade-o-atestado-15112025\/\"><b>duas<\/b><\/a> <a href=\"https:\/\/record.r7.com\/a-fazenda\/a-fazenda-17\/novidades\/trato-da-discordia-peoes-acordam-em-pe-de-guerra-brigam-e-geram-punicao-de-48-horas-sem-academia-17112025\/\" target=\"_self\" rel=\"nofollow noopener\" title=\"https:\/\/record.r7.com\/a-fazenda\/a-fazenda-17\/novidades\/trato-da-discordia-peoes-acordam-em-pe-de-guerra-brigam-e-geram-punicao-de-48-horas-sem-academia-17112025\/\"><b>puni\u00e7\u00f5es<\/b><\/a><b> <\/b>e muita revolta, a empres\u00e1ria revelou para Maria o motivo de n\u00e3o contribuir nos cuidados com os bovinos. <\/p>\n<p class=\"jarvics:base-text-neutral-high-400 base-text-[calc(theme(fontSize.xs)_*_var(--font-size,_1))] base-font-normal base-font-primary base-text-neutral-low-500 base-text-left\">Aproveitando a oportunidade para descer a lenha na rival, a influenciadora detonou o mandato de Saory: \u201c[Quando \u00e9] uma Fazendeira bosta [no comando], fica a casa inteira ruim a semana toda\u201d. <\/p>\n<p class=\"jarvics:base-text-neutral-high-400 base-text-[calc(theme(fontSize.xs)_*_var(--font-size,_1))] base-font-normal base-font-primary base-text-neutral-low-500 base-text-left\">A empres\u00e1ria relembrou sua \u00e9poca com o chap\u00e9u e afirmou: \u201cColoquei uma equipe boa que soube fazer o trato. Se n\u00e3o soubessem, eu teria que fazer\u201d. <\/p>\n<p class=\"jarvics:base-text-neutral-high-400 base-text-[calc(theme(fontSize.xs)_*_var(--font-size,_1))] base-font-normal base-font-primary base-text-neutral-low-500 base-text-left\">Al\u00e9m disso, Ray confessou ter enfrentado dificuldades na Prova de Fogo, que vai ao ar nesta segunda (17), por ter se esfor\u00e7ado antes: \u201cSe eu n\u00e3o tivesse feito o trato, teria aguentado mais tr\u00eas, quatro minutos. Talvez teria ganhado o Lampi\u00e3o [do Poder]. \u00c9 estrat\u00e9gia de jogo. Agora, \u00e9 sobreviv\u00eancia\u201d. <\/p>\n<p><b>Se liga: <\/b><\/p>\n<p class=\"jarvics:base-text-neutral-high-400 base-text-[calc(theme(fontSize.xs)_*_var(--font-size,_1))] base-font-normal base-font-primary base-text-neutral-low-500 base-text-left\">Fique ligado! <a href=\"https:\/\/record.r7.com\/a-fazenda\/a-fazenda-17\/\" rel=\"nofollow noopener\" title=\"https:\/\/record.r7.com\/a-fazenda\/a-fazenda-17\/\" target=\"_blank\"><b>A Fazenda 17<\/b><\/a> vai ao ar de segunda a domingo, \u00e0s 22h30, na tela da <a href=\"https:\/\/record.r7.com\/\" rel=\"nofollow noopener\" target=\"_blank\"><b>RECORD<\/b><\/a>. Assine o <a href=\"https:\/\/www.recordplus.com\/home\" rel=\"nofollow noopener\" title=\"https:\/\/www.recordplus.com\/home\" target=\"_blank\"><b>RecordPlus<\/b><\/a> e tenha acesso \u00e0s c\u00e2meras 24 horas.<\/p>\n<p><b>Super Paiol, tr\u00eas elimina\u00e7\u00f5es e delega\u00e7\u00e3o vingativa: relembre a semana de A Fazenda 17<\/b><\/p>\n<p class=\"jarvics:base-text-neutral-high-400 base-text-[calc(theme(fontSize.xxs)_*_var(--font-size,_1))] base-font-semibold base-font-primary base-text-neutral-low-500 base-text-left\">O game de A Fazenda 17 est\u00e1 afunilando e a sede conta com cada vez menos moradores. Mesmo assim, a pe\u00e3ozada n\u00e3o descansa na entrega do entretenimento e segue dando tudo de si para chegar na reta final da competi\u00e7\u00e3o. Nos \u00faltimos dias, os pe\u00f5es viveram uma verdadeira montanha-russa de emo\u00e7\u00f5es com elimina\u00e7\u00e3o dupla, tretas pesadas e mais; se liga!<\/p>\n<p class=\"jarvics:base-text-neutral-high-400 base-text-[calc(theme(fontSize.little)_*_var(--font-size,_1))] base-font-normal base-font-primary base-text-neutral-low-500 base-text-left\">Reprodu\u00e7\u00e3o\/RECORD<\/p>\n","protected":false},"excerpt":{"rendered":"Voc\u00ea concorda com a atitude de Ray? Reprodu\u00e7\u00e3o\/RecordPlus A rivalidade entre os pe\u00f5es de A Fazenda 17 se&hellip;\n","protected":false},"author":2,"featured_media":156198,"comment_status":"","ping_status":"","sticky":false,"template":"","format":"standard","meta":{"footnotes":""},"categories":[145],"tags":[657,211,210,114,115,21257,32,33,15359],"class_list":{"0":"post-156197","1":"post","2":"type-post","3":"status-publish","4":"format-standard","5":"has-post-thumbnail","7":"category-celebridades","8":"tag-a-fazenda","9":"tag-celebridades","10":"tag-celebrities","11":"tag-entertainment","12":"tag-entretenimento","13":"tag-maria-caporusso","14":"tag-portugal","15":"tag-pt","16":"tag-rayane-figliuzzi"},"share_on_mastodon":{"url":"https:\/\/pubeurope.com\/@pt\/115569843905909539","error":""},"_links":{"self":[{"href":"https:\/\/www.europesays.com\/pt\/wp-json\/wp\/v2\/posts\/156197","targetHints":{"allow":["GET"]}}],"collection":[{"href":"https:\/\/www.europesays.com\/pt\/wp-json\/wp\/v2\/posts"}],"about":[{"href":"https:\/\/www.europesays.com\/pt\/wp-json\/wp\/v2\/types\/post"}],"author":[{"embeddable":true,"href":"https:\/\/www.europesays.com\/pt\/wp-json\/wp\/v2\/users\/2"}],"replies":[{"embeddable":true,"href":"https:\/\/www.europesays.com\/pt\/wp-json\/wp\/v2\/comments?post=156197"}],"version-history":[{"count":0,"href":"https:\/\/www.europesays.com\/pt\/wp-json\/wp\/v2\/posts\/156197\/revisions"}],"wp:featuredmedia":[{"embeddable":true,"href":"https:\/\/www.europesays.com\/pt\/wp-json\/wp\/v2\/media\/156198"}],"wp:attachment":[{"href":"https:\/\/www.europesays.com\/pt\/wp-json\/wp\/v2\/media?parent=156197"}],"wp:term":[{"taxonomy":"category","embeddable":true,"href":"https:\/\/www.europesays.com\/pt\/wp-json\/wp\/v2\/categories?post=156197"},{"taxonomy":"post_tag","embeddable":true,"href":"https:\/\/www.europesays.com\/pt\/wp-json\/wp\/v2\/tags?post=156197"}],"curies":[{"name":"wp","href":"https:\/\/api.w.org\/{rel}","templated":true}]}}