{"id":156207,"date":"2025-11-18T08:59:29","date_gmt":"2025-11-18T08:59:29","guid":{"rendered":"https:\/\/www.europesays.com\/pt\/156207\/"},"modified":"2025-11-18T08:59:29","modified_gmt":"2025-11-18T08:59:29","slug":"despedimentos-coletivos-aumentam-17-ate-setembro-trabalhadores-despedidos-ja-representam-94-do-total-do-ano-passado","status":"publish","type":"post","link":"https:\/\/www.europesays.com\/pt\/156207\/","title":{"rendered":"Despedimentos coletivos aumentam 17% at\u00e9 setembro, trabalhadores despedidos j\u00e1 representam 94% do total do ano passado"},"content":{"rendered":"<p class=\"MsoNormal\">Nos primeiros nove meses deste ano foram comunicados ao Minist\u00e9rio do Trabalho 414 despedimentos coletivos por empresas a operar em Portugal. Uma subida de 17% face a igual per\u00edodo do ano passado, que coloca o total de trabalhadores despedidos no patamar mais alto desde a pandemia. Segundo os dados agora divulgados pela Dire\u00e7\u00e3o-geral do Emprego e das Rela\u00e7\u00f5es de Trabalho (DGERT), entre janeiro e setembro deste ano, 5412 trabalhadores foram despedidos no \u00e2mbito de processos de despedimento coletivo. A tr\u00eas meses do fecho de 2025, o n\u00famero de trabalhadores despedidos no pa\u00eds representa j\u00e1 94% do total contabilizado em todo o ano de 2024.<\/p>\n<p>  <a href=\"https:\/\/expresso.pt\/subscrever?action=GEN&amp;channel=VID&amp;type=CAP&amp;source=WEB&amp;returnUrl=https:\/\/expresso.pt\/economia\/trabalho\/2025-11-17-despedimentos-coletivos-aumentam-17-ate-setembro-trabalhadores-despedidos-ja-representam-94-do-total-do-ano-passado-b57bbf32&amp;utm_source=expresso&amp;utm_medium=locked_article&amp;locked=true&amp;article_id=17f79a9a-5356-4474-ad2b-d7aecf9c8665&amp;author_id=C\u00e1tia+Mateus,Jaime+Figueiredo&amp;category=Trabalho\" target=\"_self\" class=\"\" rel=\"nofollow noopener\">Subscrever<\/a>J\u00e1 \u00e9 Subscritor?Fa\u00e7a login e continue a ler<a href=\"http:\/\/expresso.pt\/codigo?redirectUrl=https:\/\/expresso.pt\/economia\/trabalho\/2025-11-17-despedimentos-coletivos-aumentam-17-ate-setembro-trabalhadores-despedidos-ja-representam-94-do-total-do-ano-passado-b57bbf32\" target=\"_self\" class=\"\" rel=\"nofollow noopener\">Inserir C\u00f3digo<\/a>Comprou o Expresso?Insira o c\u00f3digo presente na Revista E para continuar a ler<\/p>\n","protected":false},"excerpt":{"rendered":"Nos primeiros nove meses deste ano foram comunicados ao Minist\u00e9rio do Trabalho 414 despedimentos coletivos por empresas a&hellip;\n","protected":false},"author":2,"featured_media":156208,"comment_status":"","ping_status":"","sticky":false,"template":"","format":"standard","meta":{"footnotes":""},"categories":[83],"tags":[88,89,90,32,33],"class_list":{"0":"post-156207","1":"post","2":"type-post","3":"status-publish","4":"format-standard","5":"has-post-thumbnail","7":"category-empresas","8":"tag-business","9":"tag-economy","10":"tag-empresas","11":"tag-portugal","12":"tag-pt"},"share_on_mastodon":{"url":"https:\/\/pubeurope.com\/@pt\/115569882963011795","error":""},"_links":{"self":[{"href":"https:\/\/www.europesays.com\/pt\/wp-json\/wp\/v2\/posts\/156207","targetHints":{"allow":["GET"]}}],"collection":[{"href":"https:\/\/www.europesays.com\/pt\/wp-json\/wp\/v2\/posts"}],"about":[{"href":"https:\/\/www.europesays.com\/pt\/wp-json\/wp\/v2\/types\/post"}],"author":[{"embeddable":true,"href":"https:\/\/www.europesays.com\/pt\/wp-json\/wp\/v2\/users\/2"}],"replies":[{"embeddable":true,"href":"https:\/\/www.europesays.com\/pt\/wp-json\/wp\/v2\/comments?post=156207"}],"version-history":[{"count":0,"href":"https:\/\/www.europesays.com\/pt\/wp-json\/wp\/v2\/posts\/156207\/revisions"}],"wp:featuredmedia":[{"embeddable":true,"href":"https:\/\/www.europesays.com\/pt\/wp-json\/wp\/v2\/media\/156208"}],"wp:attachment":[{"href":"https:\/\/www.europesays.com\/pt\/wp-json\/wp\/v2\/media?parent=156207"}],"wp:term":[{"taxonomy":"category","embeddable":true,"href":"https:\/\/www.europesays.com\/pt\/wp-json\/wp\/v2\/categories?post=156207"},{"taxonomy":"post_tag","embeddable":true,"href":"https:\/\/www.europesays.com\/pt\/wp-json\/wp\/v2\/tags?post=156207"}],"curies":[{"name":"wp","href":"https:\/\/api.w.org\/{rel}","templated":true}]}}