{"id":156212,"date":"2025-11-18T09:09:10","date_gmt":"2025-11-18T09:09:10","guid":{"rendered":"https:\/\/www.europesays.com\/pt\/156212\/"},"modified":"2025-11-18T09:09:10","modified_gmt":"2025-11-18T09:09:10","slug":"a-protegida-dois-anos-depois-carlota-ve-hector-como-seu-pai-novelas","status":"publish","type":"post","link":"https:\/\/www.europesays.com\/pt\/156212\/","title":{"rendered":"A Protegida: Dois anos depois, Carlota v\u00ea Hector como seu pai &#8211; Novelas"},"content":{"rendered":"<p>Virg\u00edlio (Diogo Morgado) arruma as suas coisas para ir embora. Apesar de saber o que fez, sente-se injusti\u00e7ado. Isabel (Sara Barradas) aparece e diz que finalmente Virg\u00edlio vai sair daquela empresa como merece: sem nada. Isabel diz que finalmente Teresa est\u00e1 vingada. Virg\u00edlio finge que fica surpreendido com aquela revela\u00e7\u00e3o. Isabel culpa Virg\u00edlio por Teresa (Sandra Faleiro) nunca ter podido estar com o filho e ele recorda o que se passou. Isabel revela que s\u00f3 se envolveu com ele para o fazer recair no v\u00edcio e que ainda vai provar que ele e Jorge est\u00e3o juntos naquele golpe.<\/p>\n<p>FLASHBACK IN\u00c9DITO: Virg\u00edlio recorda quando ajudou Jorge a desfazer-se do filho de Teresa, ao dar dinheiro ao pai dela, para garantir que Teresa n\u00e3o tinha o filho. Jorge diz que n\u00e3o sabe como lhe agradecer e Virg\u00edlio diz que vai arranjar-lhe uma miss\u00e3o digna deste favor.<\/p>\n<p>Virg\u00edlio abandona a f\u00e1brica com os seus pertences, num misto de f\u00faria e determina\u00e7\u00e3o. Garante que um dia a f\u00e1brica ainda vai ser dele.<\/p>\n<p>Laura (Alexandra Lencastre) come\u00e7a a ficar impaciente com a demora de JD (Pedro Sousa). Mariana (Matilde Reym\u00e3o) tamb\u00e9m acha que ele est\u00e1 a demorar muito e liga-lhe.<\/p>\n<p>O corpo de JD flutua na \u00e1gua em dire\u00e7\u00e3o \u00e0 margem. Vemos algu\u00e9m a correr na dire\u00e7\u00e3o dele e a retir\u00e1-lo da \u00e1gua.<\/p>\n<p>2 ANOS DEPOIS\u2026<\/p>\n<p>Carlota faz um ramo com flores e ervas arom\u00e1ticas que apanha na estufa, enquanto canta a can\u00e7\u00e3o que Mariana costumava cantar a JD. Carlota entra na cozinha a correr e chama pelo pai. Hector (Christian Escuredo) agarra Carlota e d\u00e1-lhe muitos beijinhos. Percebemos que \u00e9 a ele que Carlota chama de pai. Ela mostra-lhe o ramo que fez e Hector finge que vai com\u00ea-lo. Seguem os dois para a sala. Vanessa arruma a sala, repleta de brinquedos. Percebemos que Carlota \u00e9 uma crian\u00e7a cuidada e mimada. Hector acha que se calhar \u00e9 melhor parar de comprar brinquedos, mas Carlota quer mais. Hector pede a Carlota para n\u00e3o espalhar tudo ao mesmo tempo e sai.<\/p>\n<p>Hector entra no quarto com o ramo de flores de Carlota, mas quem l\u00e1 est\u00e1 \u00e9 Diana. Percebemos que mant\u00eam uma rela\u00e7\u00e3o para l\u00e1 de profissional.<\/p>\n","protected":false},"excerpt":{"rendered":"Virg\u00edlio (Diogo Morgado) arruma as suas coisas para ir embora. Apesar de saber o que fez, sente-se injusti\u00e7ado.&hellip;\n","protected":false},"author":2,"featured_media":156213,"comment_status":"","ping_status":"","sticky":false,"template":"","format":"standard","meta":{"footnotes":""},"categories":[142],"tags":[160,166,114,115,157,167,164,161,158,165,159,32,33,156,163,151,162],"class_list":{"0":"post-156212","1":"post","2":"type-post","3":"status-publish","4":"format-standard","5":"has-post-thumbnail","7":"category-tv","8":"tag-ana-guiomar","9":"tag-cristina-ferreira","10":"tag-entertainment","11":"tag-entretenimento","12":"tag-festa-e-festa","13":"tag-ficcao","14":"tag-jose-fidalgo","15":"tag-novelas","16":"tag-para-sempre","17":"tag-pedro-sousa","18":"tag-pedro-teixeira","19":"tag-portugal","20":"tag-pt","21":"tag-queridos-papas","22":"tag-tiago-teotonio-pereira","23":"tag-tv","24":"tag-tvi"},"share_on_mastodon":{"url":"https:\/\/pubeurope.com\/@pt\/115569922109273107","error":""},"_links":{"self":[{"href":"https:\/\/www.europesays.com\/pt\/wp-json\/wp\/v2\/posts\/156212","targetHints":{"allow":["GET"]}}],"collection":[{"href":"https:\/\/www.europesays.com\/pt\/wp-json\/wp\/v2\/posts"}],"about":[{"href":"https:\/\/www.europesays.com\/pt\/wp-json\/wp\/v2\/types\/post"}],"author":[{"embeddable":true,"href":"https:\/\/www.europesays.com\/pt\/wp-json\/wp\/v2\/users\/2"}],"replies":[{"embeddable":true,"href":"https:\/\/www.europesays.com\/pt\/wp-json\/wp\/v2\/comments?post=156212"}],"version-history":[{"count":0,"href":"https:\/\/www.europesays.com\/pt\/wp-json\/wp\/v2\/posts\/156212\/revisions"}],"wp:featuredmedia":[{"embeddable":true,"href":"https:\/\/www.europesays.com\/pt\/wp-json\/wp\/v2\/media\/156213"}],"wp:attachment":[{"href":"https:\/\/www.europesays.com\/pt\/wp-json\/wp\/v2\/media?parent=156212"}],"wp:term":[{"taxonomy":"category","embeddable":true,"href":"https:\/\/www.europesays.com\/pt\/wp-json\/wp\/v2\/categories?post=156212"},{"taxonomy":"post_tag","embeddable":true,"href":"https:\/\/www.europesays.com\/pt\/wp-json\/wp\/v2\/tags?post=156212"}],"curies":[{"name":"wp","href":"https:\/\/api.w.org\/{rel}","templated":true}]}}