{"id":156220,"date":"2025-11-18T09:17:33","date_gmt":"2025-11-18T09:17:33","guid":{"rendered":"https:\/\/www.europesays.com\/pt\/156220\/"},"modified":"2025-11-18T09:17:33","modified_gmt":"2025-11-18T09:17:33","slug":"os-numeros-de-trafego-no-meo-durante-o-web-summit","status":"publish","type":"post","link":"https:\/\/www.europesays.com\/pt\/156220\/","title":{"rendered":"os n\u00fameros de tr\u00e1fego no MEO durante o Web Summit"},"content":{"rendered":"<p><strong>A MEO voltou a ser parceira do <a href=\"https:\/\/tek.sapo.pt\/noticias\/dossier-sapo-tek\/especiais\/todas-as-novidades-do-web-summit-2025\" rel=\"nofollow noopener\" target=\"_blank\">Web Summit na 10\u00aa edi\u00e7\u00e3o da confer\u00eancia em Lisboa<\/a><\/strong>, montando uma das maiores opera\u00e7\u00f5es de rede j\u00e1 implementadas no evento e mobilizando 170 profissionais para responder \u00e0s necessidades de comunica\u00e7\u00f5es. E os n\u00fameros que acaba de divulgar mostram um crescimento do tr\u00e1fego de rede, a maioria em 5G.<\/p>\n<p>N\u00e3o perca nenhuma not\u00edcia importante da atualidade de tecnologia e\u00a0<a href=\"https:\/\/tek.sapo.pt\/\" target=\"_blank\" id=\"s-a-embed-691\" rel=\"noreferrer noopener nofollow\" data-stringify-link=\"https:\/\/teknoticias.us15.list-manage.com\/subscribe?u=9a06a5af5e9150806abc02bae&amp;id=ef9b27090d\" data-sk=\"tooltip_parent\">acompanhe tudo em tek.sapo.pt<\/a><\/p>\n<p>O <a href=\"https:\/\/tek.sapo.pt\/noticias\/telecomunicacoes\/artigos\/web-summit-mais-de-170-pessoas-uma-war-room-atenta-a-tudo-e-muitos-kms-de-fibra-asseguram-a-comunicacao\" rel=\"nofollow noopener\" target=\"_blank\">TEK Not\u00edcias visitou o centro de opera\u00e7\u00f5es a partir do qual a operadora de comunica\u00e7\u00f5es geriu a infraestrutura nos quatro dias em que o Web Summit decorreu entre o MEO Arena e o espa\u00e7o da FIL<\/a>, mas cuja prepara\u00e7\u00e3o decorreu ao longo de dois meses. &#8220;A opera\u00e7\u00e3o integrou as mais evolu\u00eddas solu\u00e7\u00f5es de elevada densidade de tr\u00e1fego e mecanismos avan\u00e7ados de gest\u00e3o para garantir estabilidade mesmo nos per\u00edodos de maior aflu\u00eancia&#8221;, refere a empresa.<\/p>\n<p>Segundo os dados, o<strong> volume de dados na rede aumentou significativamente, com 99 terabytes (TB) em todas as redes, mais de 36 TB face a 2024<\/strong>. S\u00e3o mais 36 TB do que os registados em 2024 e a rede 5G foi a preferida nas comunica\u00e7\u00f5es, processando mais de 60% do tr\u00e1fego.<\/p>\n<p>Na rede WiFi <strong>a MEO contabilizou mais de 3,6 milh\u00f5es de sess\u00f5es \u00fanicas, com mais de 30 mil dispositivos \u00fanicos ligados<\/strong> a estas redes que estavam dispon\u00edveis nos v\u00e1rios espa\u00e7os das confer\u00eancias e exposi\u00e7\u00e3o para participantes e expositores.<\/p>\n<p><strong>\u00c1ustria, Alemanha, Reino Unido, Brasil e Ucr\u00e2nia destacaram-se como o TOP 5 de pa\u00edses em n\u00famero de utilizadores da rede em roaming<\/strong>, como adianta a MEO, que indica ainda que o SAPO contou com cerca de 2.000 pageviews e 26.500 minutos de visualiza\u00e7\u00e3o da transmiss\u00e3o em direto do Palco Central. Na TV do MEO foram apurados cerca de 8.500 acessos ao longo dos dias do evento.<\/p>\n<p>Ao todo,\u00a0<strong>a MEO Arena e os espa\u00e7os da FIL foram refor\u00e7ados com 420 Access Points (AP) e 700 antenas, com o n\u00famero total de infraestruturas geridas a subir para 920 AP e 1.700 antenas<\/strong>. Contam-se ainda um refor\u00e7o de 180 switches, num total de 320.<\/p>\n<p>Foram instalados\u00a0<strong>44 km de cabos de rede UTP, bem como tr\u00eas km de fibra \u00f3tica nos dois locais<\/strong>, que, segundo a operadora, est\u00e3o preparados para suportar, atrav\u00e9s da rede wireless, 130.000 equipamentos em simult\u00e2neo, dispondo ainda de seis acessos de fibra \u00f3tica a a 10 Gbps redundantes.<\/p>\n<p>A MEO aproveitou tamb\u00e9m o momento para\u00a0<strong>fazer a primeira liga\u00e7\u00e3o em ambiente real de 50G-PON<\/strong>, numa tecnologia que, segundo Cl\u00e1udio Rodrigues, Head of Optical Devices and Components da Altice Labs,\u00a0<strong>est\u00e1 em desenvolvimento, pelo menos, desde 2020.<\/strong><\/p>\n<p>Assine a\u00a0<a href=\"https:\/\/teknoticias.us15.list-manage.com\/subscribe?u=9a06a5af5e9150806abc02bae&amp;id=ef9b27090d\" target=\"_blank\" rel=\"noreferrer noopener nofollow\">newsletter do TEK Not\u00edcias<\/a>\u00a0e receba todos os dias as principais not\u00edcias de tecnologia na sua caixa de correio.<\/p>\n","protected":false},"excerpt":{"rendered":"A MEO voltou a ser parceira do Web Summit na 10\u00aa edi\u00e7\u00e3o da confer\u00eancia em Lisboa, montando uma&hellip;\n","protected":false},"author":2,"featured_media":156221,"comment_status":"","ping_status":"","sticky":false,"template":"","format":"standard","meta":{"footnotes":""},"categories":[83],"tags":[88,89,90,32,33],"class_list":{"0":"post-156220","1":"post","2":"type-post","3":"status-publish","4":"format-standard","5":"has-post-thumbnail","7":"category-empresas","8":"tag-business","9":"tag-economy","10":"tag-empresas","11":"tag-portugal","12":"tag-pt"},"share_on_mastodon":{"url":"https:\/\/pubeurope.com\/@pt\/115569953725883008","error":""},"_links":{"self":[{"href":"https:\/\/www.europesays.com\/pt\/wp-json\/wp\/v2\/posts\/156220","targetHints":{"allow":["GET"]}}],"collection":[{"href":"https:\/\/www.europesays.com\/pt\/wp-json\/wp\/v2\/posts"}],"about":[{"href":"https:\/\/www.europesays.com\/pt\/wp-json\/wp\/v2\/types\/post"}],"author":[{"embeddable":true,"href":"https:\/\/www.europesays.com\/pt\/wp-json\/wp\/v2\/users\/2"}],"replies":[{"embeddable":true,"href":"https:\/\/www.europesays.com\/pt\/wp-json\/wp\/v2\/comments?post=156220"}],"version-history":[{"count":0,"href":"https:\/\/www.europesays.com\/pt\/wp-json\/wp\/v2\/posts\/156220\/revisions"}],"wp:featuredmedia":[{"embeddable":true,"href":"https:\/\/www.europesays.com\/pt\/wp-json\/wp\/v2\/media\/156221"}],"wp:attachment":[{"href":"https:\/\/www.europesays.com\/pt\/wp-json\/wp\/v2\/media?parent=156220"}],"wp:term":[{"taxonomy":"category","embeddable":true,"href":"https:\/\/www.europesays.com\/pt\/wp-json\/wp\/v2\/categories?post=156220"},{"taxonomy":"post_tag","embeddable":true,"href":"https:\/\/www.europesays.com\/pt\/wp-json\/wp\/v2\/tags?post=156220"}],"curies":[{"name":"wp","href":"https:\/\/api.w.org\/{rel}","templated":true}]}}