{"id":156222,"date":"2025-11-18T09:18:10","date_gmt":"2025-11-18T09:18:10","guid":{"rendered":"https:\/\/www.europesays.com\/pt\/156222\/"},"modified":"2025-11-18T09:18:10","modified_gmt":"2025-11-18T09:18:10","slug":"grupo-armado-mata-professora-e-rapta-25-alunas-em-escola-secundaria-na-nigeria","status":"publish","type":"post","link":"https:\/\/www.europesays.com\/pt\/156222\/","title":{"rendered":"Grupo armado mata professora e rapta 25 alunas em escola secund\u00e1ria na Nig\u00e9ria"},"content":{"rendered":"<p><strong>Um grupo de homens armados invadiu esta madrugada um col\u00e9gio interno feminino <\/strong><strong>no noroeste da Nig\u00e9ria matando a professora e raptando 25 alunas.<\/strong><\/p>\n<p>De acordo com <a href=\"https:\/\/x.com\/PoliceNG\/status\/1990377435863388388\" target=\"_blank\" rel=\"noreferrer noopener nofollow\">comunicado das autoridades<\/a>, estes<strong> indiv\u00edduos &#8211; armados com espingardas &#8211; come\u00e7aram a &#8220;disparar indiscriminadamente&#8221; contra as for\u00e7as de seguran\u00e7a<\/strong> no local antes de <strong>escalar a cerca da escola, invadirem-na e sequestrarem as jovens. <\/strong>O sequestro aconteceu na Escola Secund\u00e1ria Feminina do Governo em Maga, no estado de Kebbi, por volta das 4h da manh\u00e3 desta segunda-feira, hor\u00e1rio local (3h00 em Portugal continental).<\/p>\n<p>A <strong>professora e vice-diretora da escola foi morta quando tentava proteger as aluna<\/strong><strong>s <\/strong>e uma segunda v\u00edtima sofreu ferimentos a bala e est\u00e1 a receber tratamento.<\/p>\n<p>O grupo, conhecido localmente como &#8220;bandidos&#8221;, depois de invadir o espa\u00e7o, <strong>levou as 25 alunas para <\/strong><strong>uma \u00e1rea de mata pr\u00f3xima.<\/strong><\/p>\n<p>A pol\u00edcia <strong>destacou &#8220;unidades t\u00e1ticas policiais&#8221; e &#8220;militares e grupos de vigilantes&#8221; <\/strong>para a \u00e1rea numa <strong>opera\u00e7\u00e3o coordenada de busca e resgate.<\/strong><\/p>\n<p>Ao longo da \u00faltima d\u00e9cada, as escolas no norte da Nig\u00e9ria tornaram-se alvos frequentes de grupos armados, que realizam sequestros para obter pagamentos de resgates ou obrigar o Governo a fazer acordos. Um desses exemplos, o mais lembrado pela sua dimens\u00e3o, foi o sequestro de <strong>270 meninas em 2014 na cidade de Chibok<\/strong>, no nordeste do pa\u00eds, levado a cabo pelo grupo militante isl\u00e2mico Boko Haram.<\/p>\n<p>Mais recentemente em mar\u00e7o de 2024, <strong>mais de 200 alunas foram levadas de <\/strong><strong>uma escola em Kuriga, no estado de Kaduna.<\/strong><\/p>\n<p>Al\u00e9m de tentar reprimir os sequestradores, a Nig\u00e9ria proibiu o pagamento de resgates, numa tentativa de tornar a pr\u00e1tica menos lucrativa. Ainda assim, esta continua <strong>uma quest\u00e3o de seguran\u00e7a a resolver no pa\u00eds.<\/strong><\/p>\n","protected":false},"excerpt":{"rendered":"Um grupo de homens armados invadiu esta madrugada um col\u00e9gio interno feminino no noroeste da Nig\u00e9ria matando a&hellip;\n","protected":false},"author":2,"featured_media":156223,"comment_status":"","ping_status":"","sticky":false,"template":"","format":"standard","meta":{"footnotes":""},"categories":[50],"tags":[27,28,15,16,14,25,26,21,22,62,12,13,19,20,23,24,17,18,29,30,31,63,64,65],"class_list":{"0":"post-156222","1":"post","2":"type-post","3":"status-publish","4":"format-standard","5":"has-post-thumbnail","7":"category-mundo","8":"tag-breaking-news","9":"tag-breakingnews","10":"tag-featured-news","11":"tag-featurednews","12":"tag-headlines","13":"tag-latest-news","14":"tag-latestnews","15":"tag-main-news","16":"tag-mainnews","17":"tag-mundo","18":"tag-news","19":"tag-noticias","20":"tag-noticias-principais","21":"tag-noticiasprincipais","22":"tag-principais-noticias","23":"tag-principaisnoticias","24":"tag-top-stories","25":"tag-topstories","26":"tag-ultimas","27":"tag-ultimas-noticias","28":"tag-ultimasnoticias","29":"tag-world","30":"tag-world-news","31":"tag-worldnews"},"share_on_mastodon":{"url":"https:\/\/pubeurope.com\/@pt\/115569957634496952","error":""},"_links":{"self":[{"href":"https:\/\/www.europesays.com\/pt\/wp-json\/wp\/v2\/posts\/156222","targetHints":{"allow":["GET"]}}],"collection":[{"href":"https:\/\/www.europesays.com\/pt\/wp-json\/wp\/v2\/posts"}],"about":[{"href":"https:\/\/www.europesays.com\/pt\/wp-json\/wp\/v2\/types\/post"}],"author":[{"embeddable":true,"href":"https:\/\/www.europesays.com\/pt\/wp-json\/wp\/v2\/users\/2"}],"replies":[{"embeddable":true,"href":"https:\/\/www.europesays.com\/pt\/wp-json\/wp\/v2\/comments?post=156222"}],"version-history":[{"count":0,"href":"https:\/\/www.europesays.com\/pt\/wp-json\/wp\/v2\/posts\/156222\/revisions"}],"wp:featuredmedia":[{"embeddable":true,"href":"https:\/\/www.europesays.com\/pt\/wp-json\/wp\/v2\/media\/156223"}],"wp:attachment":[{"href":"https:\/\/www.europesays.com\/pt\/wp-json\/wp\/v2\/media?parent=156222"}],"wp:term":[{"taxonomy":"category","embeddable":true,"href":"https:\/\/www.europesays.com\/pt\/wp-json\/wp\/v2\/categories?post=156222"},{"taxonomy":"post_tag","embeddable":true,"href":"https:\/\/www.europesays.com\/pt\/wp-json\/wp\/v2\/tags?post=156222"}],"curies":[{"name":"wp","href":"https:\/\/api.w.org\/{rel}","templated":true}]}}