{"id":156224,"date":"2025-11-18T09:19:09","date_gmt":"2025-11-18T09:19:09","guid":{"rendered":"https:\/\/www.europesays.com\/pt\/156224\/"},"modified":"2025-11-18T09:19:09","modified_gmt":"2025-11-18T09:19:09","slug":"armando-vara-detido-e-levado-para-o-epl-para-cumprir-pena","status":"publish","type":"post","link":"https:\/\/www.europesays.com\/pt\/156224\/","title":{"rendered":"Armando Vara detido e levado para o EPL para cumprir pena"},"content":{"rendered":"<p>&#13;<br \/>\nArmando Vara tinha sido condenado a cinco anos e meio de pris\u00e3o em c\u00famulo jur\u00eddico pelas penas nos processos Face Oculta e Opera\u00e7\u00e3o Marqu\u00eas, sendo que <b>j\u00e1 cumpriu cerca de tr\u00eas anos<\/b>.&#13;\n<\/p>\n<p>&#13;<br \/>\nSegundo fonte prisional, <b>Vara foi levado pela PSP de Odivelas para ser admitido no Estabelecimento Prisional de Lisboa<\/b>, mas poder\u00e1 ser transferido para outra cadeia nos pr\u00f3ximos dias, nomeadamente para a Carregueira ou para \u00c9vora.<br \/>\n          <img decoding=\"async\" itemprop=\"image\" class=\"img-fluid\"   src=\"https:\/\/www.europesays.com\/pt\/wp-content\/uploads\/2025\/11\/44f6787ac5c60fb42d27c1366af6a29d_N.jpg\"\/><\/p>\n<p>Em fevereiro deste ano, <b>o Supremo Tribunal confirmou que Armando Vara teria de cumprir mais dois anos e meio de pris\u00e3o<\/b>.<\/p>\n<p>&#13;<br \/>\nO recurso da defesa do antigo ministro foi rejeitado depois de em julho de 2024 o Tribunal Judicial da Comarca de Lisboa decidir que Armando Vara deveria cumprir esses dois anos e meio de pris\u00e3o.<\/p>\n<p>Armando Vara j\u00e1 cumpriu pena no estabelecimento prisional de \u00c9vora por causa do Processo Face Oculta. Foi libertado em outubro de 2021 no \u00e2mbito da pandemia da covid-19. Voltaria a ser condenado num processo separado da Opera\u00e7\u00e3o Marqu\u00eas.<\/p>\n","protected":false},"excerpt":{"rendered":"&#13; Armando Vara tinha sido condenado a cinco anos e meio de pris\u00e3o em c\u00famulo jur\u00eddico pelas penas&hellip;\n","protected":false},"author":2,"featured_media":156225,"comment_status":"","ping_status":"","sticky":false,"template":"","format":"standard","meta":{"footnotes":""},"categories":[10],"tags":[33553,27,28,16610,33554,15,16,14,25,26,21,22,12,13,19,20,16190,32,23,24,33,17,18,29,30,31],"class_list":{"0":"post-156224","1":"post","2":"type-post","3":"status-publish","4":"format-standard","5":"has-post-thumbnail","7":"category-portugal","8":"tag-armando-vara","9":"tag-breaking-news","10":"tag-breakingnews","11":"tag-detido","12":"tag-face-oculta","13":"tag-featured-news","14":"tag-featurednews","15":"tag-headlines","16":"tag-latest-news","17":"tag-latestnews","18":"tag-main-news","19":"tag-mainnews","20":"tag-news","21":"tag-noticias","22":"tag-noticias-principais","23":"tag-noticiasprincipais","24":"tag-operacao-marques","25":"tag-portugal","26":"tag-principais-noticias","27":"tag-principaisnoticias","28":"tag-pt","29":"tag-top-stories","30":"tag-topstories","31":"tag-ultimas","32":"tag-ultimas-noticias","33":"tag-ultimasnoticias"},"share_on_mastodon":{"url":"https:\/\/pubeurope.com\/@pt\/115569961735613428","error":""},"_links":{"self":[{"href":"https:\/\/www.europesays.com\/pt\/wp-json\/wp\/v2\/posts\/156224","targetHints":{"allow":["GET"]}}],"collection":[{"href":"https:\/\/www.europesays.com\/pt\/wp-json\/wp\/v2\/posts"}],"about":[{"href":"https:\/\/www.europesays.com\/pt\/wp-json\/wp\/v2\/types\/post"}],"author":[{"embeddable":true,"href":"https:\/\/www.europesays.com\/pt\/wp-json\/wp\/v2\/users\/2"}],"replies":[{"embeddable":true,"href":"https:\/\/www.europesays.com\/pt\/wp-json\/wp\/v2\/comments?post=156224"}],"version-history":[{"count":0,"href":"https:\/\/www.europesays.com\/pt\/wp-json\/wp\/v2\/posts\/156224\/revisions"}],"wp:featuredmedia":[{"embeddable":true,"href":"https:\/\/www.europesays.com\/pt\/wp-json\/wp\/v2\/media\/156225"}],"wp:attachment":[{"href":"https:\/\/www.europesays.com\/pt\/wp-json\/wp\/v2\/media?parent=156224"}],"wp:term":[{"taxonomy":"category","embeddable":true,"href":"https:\/\/www.europesays.com\/pt\/wp-json\/wp\/v2\/categories?post=156224"},{"taxonomy":"post_tag","embeddable":true,"href":"https:\/\/www.europesays.com\/pt\/wp-json\/wp\/v2\/tags?post=156224"}],"curies":[{"name":"wp","href":"https:\/\/api.w.org\/{rel}","templated":true}]}}