{"id":156230,"date":"2025-11-18T09:24:10","date_gmt":"2025-11-18T09:24:10","guid":{"rendered":"https:\/\/www.europesays.com\/pt\/156230\/"},"modified":"2025-11-18T09:24:10","modified_gmt":"2025-11-18T09:24:10","slug":"reviravolta-dylan-e-fabio-deixam-o-passado-para-tras-e-fazem-as-pazes-secret-story","status":"publish","type":"post","link":"https:\/\/www.europesays.com\/pt\/156230\/","title":{"rendered":"Reviravolta: Dylan e F\u00e1bio deixam o passado para tr\u00e1s e fazem as pazes &#8211; Secret Story"},"content":{"rendered":"<p>No Secret Story 9, depois das \u00faltimas tens\u00f5es e discuss\u00f5es acesas entre ambos, Dylan e F\u00e1bio decidiram finalmente fazer as pazes. Os dois conversaram calmamente, reconheceram excessos e procuraram colocar um ponto final nos conflitos.<\/p>\n<p><strong>H\u00e1 um novo leque de nomeados. Estes s\u00e3o os concorrentes em risco de abandonar o programa no pr\u00f3ximo domingo. Vote para salvar o seu favorito:<\/strong><\/p>\n<p>ANA \u2013 761 20 20 01<br \/>F\u00c1BIO \u2013 761 20 20 08<br \/>IN\u00caS \u2013 761 20 20 10<br \/>LILIANA \u2013 761 20 20 14<br \/>MARISA SUSANA &#8211; 761 20 20 17<\/p>\n","protected":false},"excerpt":{"rendered":"No Secret Story 9, depois das \u00faltimas tens\u00f5es e discuss\u00f5es acesas entre ambos, Dylan e F\u00e1bio decidiram finalmente&hellip;\n","protected":false},"author":2,"featured_media":156231,"comment_status":"","ping_status":"","sticky":false,"template":"","format":"standard","meta":{"footnotes":""},"categories":[142],"tags":[19105,114,115,19082,19033,19034,32,33,151,19032],"class_list":{"0":"post-156230","1":"post","2":"type-post","3":"status-publish","4":"format-standard","5":"has-post-thumbnail","7":"category-tv","8":"tag-dylan","9":"tag-entertainment","10":"tag-entretenimento","11":"tag-fabio","12":"tag-galas-em-video","13":"tag-melhores-momentos-casa-dos-segredos","14":"tag-portugal","15":"tag-pt","16":"tag-tv","17":"tag-videos-secret-story-tvi"},"share_on_mastodon":{"url":"https:\/\/pubeurope.com\/@pt\/115569981044729362","error":""},"_links":{"self":[{"href":"https:\/\/www.europesays.com\/pt\/wp-json\/wp\/v2\/posts\/156230","targetHints":{"allow":["GET"]}}],"collection":[{"href":"https:\/\/www.europesays.com\/pt\/wp-json\/wp\/v2\/posts"}],"about":[{"href":"https:\/\/www.europesays.com\/pt\/wp-json\/wp\/v2\/types\/post"}],"author":[{"embeddable":true,"href":"https:\/\/www.europesays.com\/pt\/wp-json\/wp\/v2\/users\/2"}],"replies":[{"embeddable":true,"href":"https:\/\/www.europesays.com\/pt\/wp-json\/wp\/v2\/comments?post=156230"}],"version-history":[{"count":0,"href":"https:\/\/www.europesays.com\/pt\/wp-json\/wp\/v2\/posts\/156230\/revisions"}],"wp:featuredmedia":[{"embeddable":true,"href":"https:\/\/www.europesays.com\/pt\/wp-json\/wp\/v2\/media\/156231"}],"wp:attachment":[{"href":"https:\/\/www.europesays.com\/pt\/wp-json\/wp\/v2\/media?parent=156230"}],"wp:term":[{"taxonomy":"category","embeddable":true,"href":"https:\/\/www.europesays.com\/pt\/wp-json\/wp\/v2\/categories?post=156230"},{"taxonomy":"post_tag","embeddable":true,"href":"https:\/\/www.europesays.com\/pt\/wp-json\/wp\/v2\/tags?post=156230"}],"curies":[{"name":"wp","href":"https:\/\/api.w.org\/{rel}","templated":true}]}}