{"id":156238,"date":"2025-11-18T09:32:07","date_gmt":"2025-11-18T09:32:07","guid":{"rendered":"https:\/\/www.europesays.com\/pt\/156238\/"},"modified":"2025-11-18T09:32:07","modified_gmt":"2025-11-18T09:32:07","slug":"israel-pede-afastamento-de-procurador-por-mandado-de-detencao-contra-netanyahu","status":"publish","type":"post","link":"https:\/\/www.europesays.com\/pt\/156238\/","title":{"rendered":"Israel pede afastamento de procurador por mandado de deten\u00e7\u00e3o contra Netanyahu"},"content":{"rendered":"<p><strong>Israel pediu esta segunda-feira o afastamento do procurador do Tribunal Penal Internacional (TPI), Karim Khan, de processos relacionados com o pa\u00eds, e ainda a anula\u00e7\u00e3o dos mandados de deten\u00e7\u00e3o do primeiro-ministro Benjamin Netanyahu e do ex-ministro da Defesa Yoav Gallant. <\/strong><\/p>\n<p>O pedido, submetido \u00e0 C\u00e2mara de Recurso do TPI, foi divulgado na rede social X pelo porta-voz do Minist\u00e9rio dos Neg\u00f3cios Estrangeiros de Israel, Oren Marmorstein. <\/p>\n<p>Os pedidos de afastamento de Khan e de anula\u00e7\u00e3o dos mandados de deten\u00e7\u00e3o dos governantes, adiantou Marmorstein, resultam <strong>&#8220;da rece\u00e7\u00e3o de informa\u00e7\u00f5es e relatos s\u00e9rios que levantaram graves preocupa\u00e7\u00f5es de que o procurador esteja a agir por motivos pessoais impr\u00f3prios <\/strong>para promover acusa\u00e7\u00f5es falsas e infundadas contra Israel&#8221;. <\/p>\n<p>As a\u00e7\u00f5es do procurador brit\u00e2nico Khan contra Netanyahu e Gallant, cuja deten\u00e7\u00e3o ordenou por alegados crimes contra a humanidade e crimes de guerra cometidos em Gaza, <strong>&#8220;visavam desviar a aten\u00e7\u00e3o p\u00fablica das graves acusa\u00e7\u00f5es contra ele por reiterado ass\u00e9dio sexual a uma funcion\u00e1ria subordinada&#8221;<\/strong>, adiantou o respons\u00e1vel israelita. <\/p>\n<p>Israel sublinha que a contamina\u00e7\u00e3o do processo provocada pela conduta do procurador \u00e9<strong> &#8220;profunda e irrepar\u00e1vel&#8221;. <\/strong><\/p>\n<p><strong>Procurador j\u00e1 est\u00e1 afastado do cargo<\/strong><\/p>\n<p>Khan est\u00e1 atualmente<strong> afastado do cargo devido a uma investiga\u00e7\u00e3o em curso<\/strong> por queixas de duas funcion\u00e1rias do TPI relativas \u00e0 sua conduta sexual. <\/p>\n<p>No m\u00eas passado, o Tribunal Internacional de Justi\u00e7a (TIJ), a mais alta inst\u00e2ncia judicial da ONU, atribuiu \u00e0s autoridades israelitas a obriga\u00e7\u00e3o de permitir ajuda humanit\u00e1ria na Faixa de Gaza, decis\u00e3o rejeitada &#8220;categoricamente&#8221; pelo Minist\u00e9rio dos Neg\u00f3cios Estrangeiros. <\/p>\n<p>No seu parecer, que n\u00e3o \u00e9 vinculativo, o TIJ determinou que Israel, enquanto &#8220;pot\u00eancia ocupante&#8221;, deve aceitar e facilitar a entrada de ajuda no enclave e envolver a ag\u00eancia da ONU para os refugiados palestinianos (UNRWA), cujas opera\u00e7\u00f5es foram proibidas pelas autoridades israelitas por alegadas liga\u00e7\u00f5es ao Hamas. <\/p>\n<p>Esta foi a terceira vez que o TIJ se pronuncia sobre a presen\u00e7a israelita na Palestina. <\/p>\n<p>No ano passado, o <strong>tribunal deliberou que as pol\u00edticas de ocupa\u00e7\u00e3o israelitas &#8220;violam o direito internacional&#8221;<\/strong> e que a &#8220;presen\u00e7a cont\u00ednua&#8221; na Palestina \u00e9 ilegal, exigindo a retirada de todos os colonos e a devolu\u00e7\u00e3o das terras aos seus residentes originais, deslocados desde 1967. <\/p>\n<p>Antes disso, em 2004, a inst\u00e2ncia judicial da ONU confirmou a ilegalidade do muro de mais de 700 quil\u00f3metros que separa Israel da Cisjord\u00e2nia. <\/p>\n<p>O <strong>parecer do TIJ foi divulgado em pleno cessar-fogo na Faixa de Gaza<\/strong>, em vigor desde 10 de outubro. <\/p>\n<p>Na sua primeira fase, que est\u00e1 em vigor, o plano estabelece a troca de ref\u00e9ns (vivos e mortos) em posse do Hamas por prisioneiros palestinianos, a retirada parcial das for\u00e7as israelitas do enclave e o acesso de ajuda humanit\u00e1ria ao territ\u00f3rio. <\/p>\n<p>A guerra na Faixa de Gaza foi desencadeada pelos ataques liderados pelo Hamas em 7 de outubro de 2023 no sul de Israel, nos quais morreram cerca de 1.200 pessoas e 251 foram feitas ref\u00e9ns. <\/p>\n<p>Em retalia\u00e7\u00e3o, Israel lan\u00e7ou uma opera\u00e7\u00e3o militar em grande escala na Faixa de Gaza, que provocou mais de 68 mil mortos, segundo as autoridades locais controladas pelo Hamas, a destrui\u00e7\u00e3o de quase todas as infraestruturas do territ\u00f3rio e a desloca\u00e7\u00e3o for\u00e7ada de centenas de milhares de pessoas. <\/p>\n","protected":false},"excerpt":{"rendered":"Israel pediu esta segunda-feira o afastamento do procurador do Tribunal Penal Internacional (TPI), Karim Khan, de processos relacionados&hellip;\n","protected":false},"author":2,"featured_media":129238,"comment_status":"","ping_status":"","sticky":false,"template":"","format":"standard","meta":{"footnotes":""},"categories":[50],"tags":[27,28,15,16,14,25,26,21,22,62,12,13,19,20,23,24,17,18,29,30,31,63,64,65],"class_list":{"0":"post-156238","1":"post","2":"type-post","3":"status-publish","4":"format-standard","5":"has-post-thumbnail","7":"category-mundo","8":"tag-breaking-news","9":"tag-breakingnews","10":"tag-featured-news","11":"tag-featurednews","12":"tag-headlines","13":"tag-latest-news","14":"tag-latestnews","15":"tag-main-news","16":"tag-mainnews","17":"tag-mundo","18":"tag-news","19":"tag-noticias","20":"tag-noticias-principais","21":"tag-noticiasprincipais","22":"tag-principais-noticias","23":"tag-principaisnoticias","24":"tag-top-stories","25":"tag-topstories","26":"tag-ultimas","27":"tag-ultimas-noticias","28":"tag-ultimasnoticias","29":"tag-world","30":"tag-world-news","31":"tag-worldnews"},"share_on_mastodon":{"url":"https:\/\/pubeurope.com\/@pt\/115570012635515005","error":""},"_links":{"self":[{"href":"https:\/\/www.europesays.com\/pt\/wp-json\/wp\/v2\/posts\/156238","targetHints":{"allow":["GET"]}}],"collection":[{"href":"https:\/\/www.europesays.com\/pt\/wp-json\/wp\/v2\/posts"}],"about":[{"href":"https:\/\/www.europesays.com\/pt\/wp-json\/wp\/v2\/types\/post"}],"author":[{"embeddable":true,"href":"https:\/\/www.europesays.com\/pt\/wp-json\/wp\/v2\/users\/2"}],"replies":[{"embeddable":true,"href":"https:\/\/www.europesays.com\/pt\/wp-json\/wp\/v2\/comments?post=156238"}],"version-history":[{"count":0,"href":"https:\/\/www.europesays.com\/pt\/wp-json\/wp\/v2\/posts\/156238\/revisions"}],"wp:featuredmedia":[{"embeddable":true,"href":"https:\/\/www.europesays.com\/pt\/wp-json\/wp\/v2\/media\/129238"}],"wp:attachment":[{"href":"https:\/\/www.europesays.com\/pt\/wp-json\/wp\/v2\/media?parent=156238"}],"wp:term":[{"taxonomy":"category","embeddable":true,"href":"https:\/\/www.europesays.com\/pt\/wp-json\/wp\/v2\/categories?post=156238"},{"taxonomy":"post_tag","embeddable":true,"href":"https:\/\/www.europesays.com\/pt\/wp-json\/wp\/v2\/tags?post=156238"}],"curies":[{"name":"wp","href":"https:\/\/api.w.org\/{rel}","templated":true}]}}