{"id":156251,"date":"2025-11-18T09:48:35","date_gmt":"2025-11-18T09:48:35","guid":{"rendered":"https:\/\/www.europesays.com\/pt\/156251\/"},"modified":"2025-11-18T09:48:35","modified_gmt":"2025-11-18T09:48:35","slug":"o-que-fazer-terca-e-dia-de-world-press-photo-e-couves-com-feijoes-lazer","status":"publish","type":"post","link":"https:\/\/www.europesays.com\/pt\/156251\/","title":{"rendered":"O que fazer? Ter\u00e7a \u00e9 dia de World Press Photo e Couves com Feij\u00f5es | Lazer"},"content":{"rendered":"<p>World Press Photo<\/p>\n<p dir=\"ltr\"><strong>MAIA F\u00f3rum da Maia. De 13\/11 a 3\/12. Todos os dias, das 10h \u00e0s 22h. Entrada livre<\/strong><\/p>\n<p dir=\"ltr\">A 68.\u00aa edi\u00e7\u00e3o dos mais importantes pr\u00e9mios de fotojornalismo elegeu como foto do ano o retrato de Mahmoud Ajjour, um menino palestiniano de nove anos que perdeu os dois bra\u00e7os num ataque israelita, captado pela fotojornalista Samar Abu Elouf. A imagem vinda de Gaza destaca-se entre as 42 galardoadas em diversas categorias e aqui reunidas, seleccionadas de um lote de perto de 60.000 imagens de cerca de 3.700 fot\u00f3grafos de 141 pa\u00edses que concorreram ao certame.<\/p>\n<p dir=\"ltr\">A exposi\u00e7\u00e3o est\u00e1 a percorrer o globo e tem duas passagens quase simult\u00e2neas por Portugal: al\u00e9m da Maia, passa tamb\u00e9m pelo Parque dos Poetas, em Oeiras, entre 11 de Novembro e 12 de Dezembro.<\/p>\n<p>        &#13;<\/p>\n<p>&#13;<br \/>\n                &#13;\n            <\/p>\n<p>&#13;<\/p>\n<p>Leituras no Mosteiro<\/p>\n<p dir=\"ltr\"><strong>PORTO Mosteiro de S\u00e3o Bento da Vit\u00f3ria. Dia 18\/11, \u00e0s 19h. Gr\u00e1tis<\/strong><\/p>\n<p dir=\"ltr\">No m\u00eas em que o Teatro Nacional S\u00e3o Jo\u00e3o estreia Branca de Neve &amp; Outros Dramalhetes, pe\u00e7a encenada por Nuno Carinhas a partir de textos de Robert Walser, a sess\u00e3o de Leituras no Mosteiro \u00e9 dedicada aos textos do escritor su\u00ed\u00e7o e a Hist\u00f3rias alegres para pessoas s\u00e9rias. Com Rui Manuel Amaral como convidado, percorrem-se escritos \u201ct\u00e3o divertidos como pungentes, t\u00e3o extravagantes como po\u00e9ticos\u201d, assinala a folha de sala.<\/p>\n<p dir=\"ltr\">\u00c9 o pen\u00faltimo momento da temporada de leituras de 2025, que se completa a 16 de Dezembro com Micka\u00ebl de Oliveira e a Dramaturgia Portuguesa Contempor\u00e2nea.<\/p>\n<p>Rubel<\/p>\n<p dir=\"ltr\"><strong>BRAGA Theatro Circo. Dia 18\/11, \u00e0s 21h30. M\/6. 15\u20ac a 30\u20ac<\/strong><\/p>\n<p dir=\"ltr\">O brasileiro volta a Portugal com a sua mistura de samba e rap, com algumas incurs\u00f5es pela m\u00fasica electr\u00f3nica. Beleza. Rubel e Viol\u00e3o \u00e9 a digress\u00e3o que motiva a visita, onde percorre temas da sua discografia, com particular aten\u00e7\u00e3o ao mais recente \u00e1lbum, Beleza. Mas Agora a Gente Faz o Qu\u00ea com Isso? (2025).<\/p>\n<p>        &#13;<\/p>\n<p>&#13;<br \/>\n                &#13;\n            <\/p>\n<p>&#13;<\/p>\n<p>Flesh Can&#8217;t Can&#8217;t Not&#8217;t &#8216;tis Flesh h\u2026<\/p>\n<p dir=\"ltr\"><strong>LISBOA Sala Est\u00fadio Valentim de Barros &#8211; Jardins do Bombarda. Dia 18\/11, \u00e0s 20h. M\/12. 12\u20ac<\/strong><\/p>\n<p dir=\"ltr\">Apresentada no \u00e2mbito do Alkantara Festival, a cria\u00e7\u00e3o de Mario Barrantes Espinoza p\u00f5e dois corpos a guiar uma viagem sensorial por \u201cpaisagens futuristas \u00e0 beira do colapso\u201c. Um universo moldado \u201cpelo reggaeton, pela dan\u00e7a urbana do perreo, pela experi\u00eancia de habitar um idioma estrangeiro e pela hist\u00f3ria da Am\u00e9rica Central\u201d, assim explica a sinopse, onde se misturam m\u00fasica, projec\u00e7\u00e3o de texto, dan\u00e7a e escultura para uma dan\u00e7a entre \u201critmos urbanos e mem\u00f3rias coloniais\u201d.<\/p>\n<p dir=\"ltr\">Um espect\u00e1culo falado em ingl\u00eas e espanhol, parcialmente legendado em portugu\u00eas e ingl\u00eas.<\/p>\n<p>VIII Festival Gastron\u00f3mico das Couves com Feij\u00f5es<\/p>\n<p dir=\"ltr\"><strong>TORRES NOVAS V\u00e1rios locais. De 14\/11 a 23\/11.<\/strong><\/p>\n<p dir=\"ltr\">S\u00e3o 41 os restaurantes que se associam \u00e0 iniciativa promovida pelo munic\u00edpio com vista a preservar um dos pratos t\u00edpicos da gastronomia torrejana: as couves com feij\u00f5es. O mapa de coordenadas pode ser consultado em <a href=\"https:\/\/cm-torresnovas.pt\/index.php\/comunicacao\/agenda\/gastronomia\/viii-festival-gastronomico-das-couves-com-feijoes\" target=\"_blank\" rel=\"nofollow noopener\">cm-torresnovas.pt<\/a>.<\/p>\n<p>        &#13;<\/p>\n<p>&#13;<br \/>\n                &#13;\n            <\/p>\n<p>&#13;<\/p>\n<p>        &#13;<\/p>\n<p>&#13;<br \/>\n                &#13;\n            <\/p>\n<p>&#13;<\/p>\n","protected":false},"excerpt":{"rendered":"World Press Photo MAIA F\u00f3rum da Maia. De 13\/11 a 3\/12. Todos os dias, das 10h \u00e0s 22h.&hellip;\n","protected":false},"author":2,"featured_media":156252,"comment_status":"","ping_status":"","sticky":false,"template":"","format":"standard","meta":{"footnotes":""},"categories":[10],"tags":[1632,27,28,15,16,287,754,14,25,26,294,21,22,150,12,13,19,20,1633,542,32,23,24,33,291,2387,17,18,29,30,31,33557],"class_list":{"0":"post-156251","1":"post","2":"type-post","3":"status-publish","4":"format-standard","5":"has-post-thumbnail","7":"category-portugal","8":"tag-agenda","9":"tag-breaking-news","10":"tag-breakingnews","11":"tag-featured-news","12":"tag-featurednews","13":"tag-fugas","14":"tag-gastronomia","15":"tag-headlines","16":"tag-latest-news","17":"tag-latestnews","18":"tag-lazer","19":"tag-main-news","20":"tag-mainnews","21":"tag-musica","22":"tag-news","23":"tag-noticias","24":"tag-noticias-principais","25":"tag-noticiasprincipais","26":"tag-o-que-fazer","27":"tag-para-redes","28":"tag-portugal","29":"tag-principais-noticias","30":"tag-principaisnoticias","31":"tag-pt","32":"tag-relaxar","33":"tag-teatro","34":"tag-top-stories","35":"tag-topstories","36":"tag-ultimas","37":"tag-ultimas-noticias","38":"tag-ultimasnoticias","39":"tag-world-press-photo"},"share_on_mastodon":{"url":"https:\/\/pubeurope.com\/@pt\/115570075469903754","error":""},"_links":{"self":[{"href":"https:\/\/www.europesays.com\/pt\/wp-json\/wp\/v2\/posts\/156251","targetHints":{"allow":["GET"]}}],"collection":[{"href":"https:\/\/www.europesays.com\/pt\/wp-json\/wp\/v2\/posts"}],"about":[{"href":"https:\/\/www.europesays.com\/pt\/wp-json\/wp\/v2\/types\/post"}],"author":[{"embeddable":true,"href":"https:\/\/www.europesays.com\/pt\/wp-json\/wp\/v2\/users\/2"}],"replies":[{"embeddable":true,"href":"https:\/\/www.europesays.com\/pt\/wp-json\/wp\/v2\/comments?post=156251"}],"version-history":[{"count":0,"href":"https:\/\/www.europesays.com\/pt\/wp-json\/wp\/v2\/posts\/156251\/revisions"}],"wp:featuredmedia":[{"embeddable":true,"href":"https:\/\/www.europesays.com\/pt\/wp-json\/wp\/v2\/media\/156252"}],"wp:attachment":[{"href":"https:\/\/www.europesays.com\/pt\/wp-json\/wp\/v2\/media?parent=156251"}],"wp:term":[{"taxonomy":"category","embeddable":true,"href":"https:\/\/www.europesays.com\/pt\/wp-json\/wp\/v2\/categories?post=156251"},{"taxonomy":"post_tag","embeddable":true,"href":"https:\/\/www.europesays.com\/pt\/wp-json\/wp\/v2\/tags?post=156251"}],"curies":[{"name":"wp","href":"https:\/\/api.w.org\/{rel}","templated":true}]}}