{"id":156276,"date":"2025-11-18T10:22:15","date_gmt":"2025-11-18T10:22:15","guid":{"rendered":"https:\/\/www.europesays.com\/pt\/156276\/"},"modified":"2025-11-18T10:22:15","modified_gmt":"2025-11-18T10:22:15","slug":"juntos-e-apaixonados-kika-cerqueira-gomes-cala-rumores-de-separacao-de-pierre-gasly-com-nova-foto-romantica-do-casal","status":"publish","type":"post","link":"https:\/\/www.europesays.com\/pt\/156276\/","title":{"rendered":"Juntos e apaixonados! Kika Cerqueira Gomes &#8216;cala&#8217; rumores de separa\u00e7\u00e3o de Pierre Gasly com nova foto rom\u00e2ntica do casal"},"content":{"rendered":"<p>Nas \u00faltimas semanas, <a href=\"https:\/\/famashow.pt\/pesquisa?q=Kika+Cerqueira+Gomes\" target=\"_blank\" rel=\"noreferrer noopener nofollow\"><strong>Kika Cerqueira Gomes<\/strong><\/a> e <a href=\"https:\/\/famashow.pt\/pesquisa?q=Pierre+Gasly\" target=\"_blank\" rel=\"noreferrer noopener nofollow\"><strong>Pierre Gasly<\/strong><\/a>, um dos casais mais adorados do universo da F\u00f3rmula 1, estiveram no centro das aten\u00e7\u00f5es medi\u00e1ticas <a href=\"https:\/\/famashow.pt\/curtas\/2025-10-30-video-kika-cerqueira-gomes-e-pierre-gasly-estao-separados---dc85e4e1\" target=\"_blank\" rel=\"noreferrer noopener nofollow\">j\u00e1 que v\u00e1rios foram os rumores que surgiram a respeito de uma poss\u00edvel separa\u00e7\u00e3o<\/a> do casal, que teria sido desencadeada, ali\u00e1s, por uma alegada trai\u00e7\u00e3o.<\/p>\n<p>No entanto, a modelo tem recorrido \u00e0s suas redes sociais para desmentir tais especula\u00e7\u00f5es e, nesta segunda-feira, 17 de novembro, voltou a faz\u00ea-lo. Nas stories da sua conta de Instagram, a filha de <a href=\"https:\/\/famashow.pt\/pesquisa?q=Maria+Cerqueira+Gomes\" target=\"_blank\" rel=\"noreferrer noopener nofollow\"><strong>Maria Cerqueira Gomes<\/strong><\/a> publicou uma fotografia ao lado do piloto franc\u00eas, provando que o amor dos dois est\u00e1 firme\u2026 e para durar.<\/p>\n<p>O registo, que reflete num espelho Kika Cerqueira Gomes e Pierre Gasly, n\u00e3o deixa d\u00favidas de que o casal est\u00e1 junto e plenamente apaixonado. Os dois surgem agarrados, de sorrisos &#8216;rasgados&#8217; no rosto. Al\u00e9m disso, a influenciadora digital escreveu sobre a imagem v\u00e1rios emojis de cora\u00e7\u00f5es vermelhos.<\/p>\n<p>Ora espreite abaixo:<\/p>\n<p>\t\t<img decoding=\"async\" src=\"https:\/\/www.europesays.com\/pt\/wp-content\/uploads\/2025\/11\/1763461335_923_thumbs.web.sapo.io\"  loading=\"true\"\/><\/p>\n<p>                        Reprodu\u00e7\u00e3o Instagram, DR<\/p>\n","protected":false},"excerpt":{"rendered":"Nas \u00faltimas semanas, Kika Cerqueira Gomes e Pierre Gasly, um dos casais mais adorados do universo da F\u00f3rmula&hellip;\n","protected":false},"author":2,"featured_media":156277,"comment_status":"","ping_status":"","sticky":false,"template":"","format":"standard","meta":{"footnotes":""},"categories":[50],"tags":[27,28,15,16,14,25,26,21,22,62,12,13,19,20,23,24,17,18,29,30,31,63,64,65],"class_list":{"0":"post-156276","1":"post","2":"type-post","3":"status-publish","4":"format-standard","5":"has-post-thumbnail","7":"category-mundo","8":"tag-breaking-news","9":"tag-breakingnews","10":"tag-featured-news","11":"tag-featurednews","12":"tag-headlines","13":"tag-latest-news","14":"tag-latestnews","15":"tag-main-news","16":"tag-mainnews","17":"tag-mundo","18":"tag-news","19":"tag-noticias","20":"tag-noticias-principais","21":"tag-noticiasprincipais","22":"tag-principais-noticias","23":"tag-principaisnoticias","24":"tag-top-stories","25":"tag-topstories","26":"tag-ultimas","27":"tag-ultimas-noticias","28":"tag-ultimasnoticias","29":"tag-world","30":"tag-world-news","31":"tag-worldnews"},"share_on_mastodon":{"url":"https:\/\/pubeurope.com\/@pt\/115570209242082345","error":""},"_links":{"self":[{"href":"https:\/\/www.europesays.com\/pt\/wp-json\/wp\/v2\/posts\/156276","targetHints":{"allow":["GET"]}}],"collection":[{"href":"https:\/\/www.europesays.com\/pt\/wp-json\/wp\/v2\/posts"}],"about":[{"href":"https:\/\/www.europesays.com\/pt\/wp-json\/wp\/v2\/types\/post"}],"author":[{"embeddable":true,"href":"https:\/\/www.europesays.com\/pt\/wp-json\/wp\/v2\/users\/2"}],"replies":[{"embeddable":true,"href":"https:\/\/www.europesays.com\/pt\/wp-json\/wp\/v2\/comments?post=156276"}],"version-history":[{"count":0,"href":"https:\/\/www.europesays.com\/pt\/wp-json\/wp\/v2\/posts\/156276\/revisions"}],"wp:featuredmedia":[{"embeddable":true,"href":"https:\/\/www.europesays.com\/pt\/wp-json\/wp\/v2\/media\/156277"}],"wp:attachment":[{"href":"https:\/\/www.europesays.com\/pt\/wp-json\/wp\/v2\/media?parent=156276"}],"wp:term":[{"taxonomy":"category","embeddable":true,"href":"https:\/\/www.europesays.com\/pt\/wp-json\/wp\/v2\/categories?post=156276"},{"taxonomy":"post_tag","embeddable":true,"href":"https:\/\/www.europesays.com\/pt\/wp-json\/wp\/v2\/tags?post=156276"}],"curies":[{"name":"wp","href":"https:\/\/api.w.org\/{rel}","templated":true}]}}