{"id":156280,"date":"2025-11-18T10:28:09","date_gmt":"2025-11-18T10:28:09","guid":{"rendered":"https:\/\/www.europesays.com\/pt\/156280\/"},"modified":"2025-11-18T10:28:09","modified_gmt":"2025-11-18T10:28:09","slug":"imperdivel-fabio-defende-liliana-e-revolta-se-meter-em-causa-a-profissao-secret-story","status":"publish","type":"post","link":"https:\/\/www.europesays.com\/pt\/156280\/","title":{"rendered":"Imperd\u00edvel. F\u00e1bio defende Liliana e revolta-se: \u00abMeter em causa a profiss\u00e3o\u00bb &#8211; Secret Story"},"content":{"rendered":"<p>No Secret Story 9, F\u00e1bio saiu em defesa de Liliana e mostrou-se incomodado com o facto de alguns colegas colocarem em causa a sua profiss\u00e3o de psic\u00f3loga. O concorrente afirmou que esse tipo de coment\u00e1rios ultrapassa os limites do jogo.<\/p>\n<p><strong>H\u00e1 um novo leque de nomeados. Estes s\u00e3o os concorrentes em risco de abandonar o programa no pr\u00f3ximo domingo. Vote para salvar o seu favorito:<\/strong><\/p>\n<p>ANA \u2013 761 20 20 01<br \/>F\u00c1BIO \u2013 761 20 20 08<br \/>IN\u00caS \u2013 761 20 20 10<br \/>LILIANA \u2013 761 20 20 14<br \/>MARISA SUSANA &#8211; 761 20 20 17<\/p>\n","protected":false},"excerpt":{"rendered":"No Secret Story 9, F\u00e1bio saiu em defesa de Liliana e mostrou-se incomodado com o facto de alguns&hellip;\n","protected":false},"author":2,"featured_media":156281,"comment_status":"","ping_status":"","sticky":false,"template":"","format":"standard","meta":{"footnotes":""},"categories":[142],"tags":[114,115,19082,19033,19016,19034,32,33,151,19032],"class_list":{"0":"post-156280","1":"post","2":"type-post","3":"status-publish","4":"format-standard","5":"has-post-thumbnail","7":"category-tv","8":"tag-entertainment","9":"tag-entretenimento","10":"tag-fabio","11":"tag-galas-em-video","12":"tag-liliana","13":"tag-melhores-momentos-casa-dos-segredos","14":"tag-portugal","15":"tag-pt","16":"tag-tv","17":"tag-videos-secret-story-tvi"},"share_on_mastodon":{"url":"https:\/\/pubeurope.com\/@pt\/115570232895247859","error":""},"_links":{"self":[{"href":"https:\/\/www.europesays.com\/pt\/wp-json\/wp\/v2\/posts\/156280","targetHints":{"allow":["GET"]}}],"collection":[{"href":"https:\/\/www.europesays.com\/pt\/wp-json\/wp\/v2\/posts"}],"about":[{"href":"https:\/\/www.europesays.com\/pt\/wp-json\/wp\/v2\/types\/post"}],"author":[{"embeddable":true,"href":"https:\/\/www.europesays.com\/pt\/wp-json\/wp\/v2\/users\/2"}],"replies":[{"embeddable":true,"href":"https:\/\/www.europesays.com\/pt\/wp-json\/wp\/v2\/comments?post=156280"}],"version-history":[{"count":0,"href":"https:\/\/www.europesays.com\/pt\/wp-json\/wp\/v2\/posts\/156280\/revisions"}],"wp:featuredmedia":[{"embeddable":true,"href":"https:\/\/www.europesays.com\/pt\/wp-json\/wp\/v2\/media\/156281"}],"wp:attachment":[{"href":"https:\/\/www.europesays.com\/pt\/wp-json\/wp\/v2\/media?parent=156280"}],"wp:term":[{"taxonomy":"category","embeddable":true,"href":"https:\/\/www.europesays.com\/pt\/wp-json\/wp\/v2\/categories?post=156280"},{"taxonomy":"post_tag","embeddable":true,"href":"https:\/\/www.europesays.com\/pt\/wp-json\/wp\/v2\/tags?post=156280"}],"curies":[{"name":"wp","href":"https:\/\/api.w.org\/{rel}","templated":true}]}}