{"id":156289,"date":"2025-11-18T10:36:17","date_gmt":"2025-11-18T10:36:17","guid":{"rendered":"https:\/\/www.europesays.com\/pt\/156289\/"},"modified":"2025-11-18T10:36:17","modified_gmt":"2025-11-18T10:36:17","slug":"russia-coloca-antigo-primeiro-ministro-critico-da-guerra-na-lista-de-terroristas","status":"publish","type":"post","link":"https:\/\/www.europesays.com\/pt\/156289\/","title":{"rendered":"R\u00fassia coloca antigo primeiro-ministro cr\u00edtico da guerra na lista de terroristas"},"content":{"rendered":"<p data-remotead-prev-elm=\"true\" data-remotead-elm-id=\"inread\">A informa\u00e7\u00e3o surgiu no portal da Rosfinmonitoring, o supervisor financeiro russo, segundo a ag\u00eancia de not\u00edcias espanhola EFE.<\/p>\n<p>Tamb\u00e9m foram inclu\u00eddos na lista a jurista Elena Lukianova, o editor-chefe do jornal Novaya Gazeta Europa, Kiril Martonov, e o economista Serguei Guriev.<\/p>\n<p>Os quatro fazem parte do Comit\u00e9 Antib\u00e9lico da R\u00fassia, institui\u00e7\u00e3o contra a qual foi aberto um processo-crime em outubro.<\/p>\n<p data-remotead-prev-elm=\"true\" data-remotead-elm-id=\"centro1\">Os membros do comit\u00e9 s\u00e3o acusados pelas autoridades russas de criar uma organiza\u00e7\u00e3o terrorista e planear a tomada do poder.<\/p>\n<p>Kasyanov, 67 anos, ocupou o cargo de primeiro-ministro da R\u00fassia entre 2000 e 2004, durante o primeiro mandato presidencial de Vladimir Putin.<\/p>\n<p>Desde 2005, o pol\u00edtico passou-se para a oposi\u00e7\u00e3o e criticou ativamente as autoridades, em particular o Presidente Vladimir Putin.<\/p>\n<p data-remotead-prev-elm=\"true\" data-remotead-elm-id=\"centro2\">Em junho de 2022, pouco depois do in\u00edcio da guerra na Ucr\u00e2nia, Kasyanov abandonou a R\u00fassia e vive no ex\u00edlio.<\/p>\n<p>No in\u00edcio de outubro, participou num debate numa universidade em Brno, na Ch\u00e9quia, durante o qual defendeu que &#8220;qualquer sucessor de Putin ser\u00e1 mais moderado e tentar\u00e1 negociar com o Ocidente&#8221;.<\/p>\n<p>&#8220;Mas ser\u00e1 ainda um per\u00edodo muito dif\u00edcil&#8221;, advertiu ent\u00e3o, segundo o portal da Universidade Masaryk.<\/p>\n<p data-remotead-prev-elm=\"true\" data-remotead-elm-id=\"centro3\">Kasyanov disse na altura que a propaganda russa enganou eficazmente uma grande parte da popula\u00e7\u00e3o da R\u00fassia.<\/p>\n<p>&#8220;Muitos russos sentem-se tra\u00eddos, como se o mundo inteiro se tivesse armado contra eles&#8221;, afirmou.<\/p>\n<p>&#8220;S\u00f3 agora est\u00e3o a come\u00e7ar a perceber que as centenas de milhares de mortes [na Ucr\u00e2nia] s\u00e3o o pre\u00e7o pelo sil\u00eancio, pela falta de resist\u00eancia e pela incapacidade de confrontar o ditador [Putin]&#8221;, acrescentou.<\/p>\n","protected":false},"excerpt":{"rendered":"A informa\u00e7\u00e3o surgiu no portal da Rosfinmonitoring, o supervisor financeiro russo, segundo a ag\u00eancia de not\u00edcias espanhola EFE.&hellip;\n","protected":false},"author":2,"featured_media":156290,"comment_status":"","ping_status":"","sticky":false,"template":"","format":"standard","meta":{"footnotes":""},"categories":[50],"tags":[27,28,15,16,889,14,25,26,21,22,62,12,13,19,20,23,24,839,17,18,29,30,31,63,64,65],"class_list":{"0":"post-156289","1":"post","2":"type-post","3":"status-publish","4":"format-standard","5":"has-post-thumbnail","7":"category-mundo","8":"tag-breaking-news","9":"tag-breakingnews","10":"tag-featured-news","11":"tag-featurednews","12":"tag-guerra-na-ucrania","13":"tag-headlines","14":"tag-latest-news","15":"tag-latestnews","16":"tag-main-news","17":"tag-mainnews","18":"tag-mundo","19":"tag-news","20":"tag-noticias","21":"tag-noticias-principais","22":"tag-noticiasprincipais","23":"tag-principais-noticias","24":"tag-principaisnoticias","25":"tag-russia","26":"tag-top-stories","27":"tag-topstories","28":"tag-ultimas","29":"tag-ultimas-noticias","30":"tag-ultimasnoticias","31":"tag-world","32":"tag-world-news","33":"tag-worldnews"},"share_on_mastodon":{"url":"https:\/\/pubeurope.com\/@pt\/115570264161314107","error":""},"_links":{"self":[{"href":"https:\/\/www.europesays.com\/pt\/wp-json\/wp\/v2\/posts\/156289","targetHints":{"allow":["GET"]}}],"collection":[{"href":"https:\/\/www.europesays.com\/pt\/wp-json\/wp\/v2\/posts"}],"about":[{"href":"https:\/\/www.europesays.com\/pt\/wp-json\/wp\/v2\/types\/post"}],"author":[{"embeddable":true,"href":"https:\/\/www.europesays.com\/pt\/wp-json\/wp\/v2\/users\/2"}],"replies":[{"embeddable":true,"href":"https:\/\/www.europesays.com\/pt\/wp-json\/wp\/v2\/comments?post=156289"}],"version-history":[{"count":0,"href":"https:\/\/www.europesays.com\/pt\/wp-json\/wp\/v2\/posts\/156289\/revisions"}],"wp:featuredmedia":[{"embeddable":true,"href":"https:\/\/www.europesays.com\/pt\/wp-json\/wp\/v2\/media\/156290"}],"wp:attachment":[{"href":"https:\/\/www.europesays.com\/pt\/wp-json\/wp\/v2\/media?parent=156289"}],"wp:term":[{"taxonomy":"category","embeddable":true,"href":"https:\/\/www.europesays.com\/pt\/wp-json\/wp\/v2\/categories?post=156289"},{"taxonomy":"post_tag","embeddable":true,"href":"https:\/\/www.europesays.com\/pt\/wp-json\/wp\/v2\/tags?post=156289"}],"curies":[{"name":"wp","href":"https:\/\/api.w.org\/{rel}","templated":true}]}}