{"id":156319,"date":"2025-11-18T11:08:28","date_gmt":"2025-11-18T11:08:28","guid":{"rendered":"https:\/\/www.europesays.com\/pt\/156319\/"},"modified":"2025-11-18T11:08:28","modified_gmt":"2025-11-18T11:08:28","slug":"os-gigantes-que-dominam-na-black-friday","status":"publish","type":"post","link":"https:\/\/www.europesays.com\/pt\/156319\/","title":{"rendered":"os gigantes que dominam na Black Friday"},"content":{"rendered":"<p>O Black Friday e o Cyber Monday continuam a ser os eventos comerciais mais importantes do ano, concentrando 66% das vendas entre outubro e dezembro, segundo o relat\u00f3rio Black Friday 2025 da OBS Business School.<\/p>\n<p>As categorias mais procuradas mant\u00eam-se: roupa, tecnologia e presentes. No entanto, observa-se uma subida significativa nas vendas de cosm\u00e9ticos e brinquedos, sugerindo que muitos consumidores antecipam as compras de Natal.<\/p>\n<p>O com\u00e9rcio online continua a dominar o crescimento, com os Estados Unidos \u00e0 frente, representando 21,2% das vendas mundiais nesta altura do ano. Seguem-se Alemanha, Brasil e Reino Unido.<\/p>\n<p>A Amazon continua a ser a plataforma mais popular no mundo, seguida da sueca Ikea. O terceiro lugar pertence ao El Corte Ingl\u00e9s, embora com uma diferen\u00e7a reduzida em rela\u00e7\u00e3o a concorrentes menos diversificados.<\/p>\n<p>No setor da tecnologia, a Nintendo \u00e9 a consola mais vendida, praticamente duplicando o iPhone da Apple, seguido pelo iPad. Dispositivos de videojogos e telem\u00f3veis dominam, mas este ano os \u00f3culos de realidade virtual prometem ser uma das grandes novidades.<\/p>\n<p>No vestu\u00e1rio, a Decathlon lidera as vendas, tendo expandido a sua oferta de moda para al\u00e9m do desporto, tornando-se num dos tr\u00eas retalhistas que mais faturam ao longo do ano. A Zara ocupa o segundo lugar, seguida de Adidas e Nike.<\/p>\n<p>Num contexto econ\u00f3mico incerto, com sinais de recess\u00e3o e desconfian\u00e7a nos mercados, os consumidores est\u00e3o a adotar uma abordagem mais cautelosa. Muitos procurar\u00e3o pre\u00e7os mais baixos ou adiar\u00e3o a aquisi\u00e7\u00e3o de produtos de maior custo. \u00c9 prov\u00e1vel que uma parte das compras de Natal seja antecipada e guardada at\u00e9 \u00e0 v\u00e9spera, refletindo uma fus\u00e3o gradual entre as celebra\u00e7\u00f5es comerciais e o calend\u00e1rio tradicional.<\/p>\n<p>As compras m\u00f3veis continuam a ganhar popularidade face aos m\u00e9todos tradicionais, mas os especialistas alertam para o aumento de fraudes. Segundo a Kaspersky, os casos de fraude digital no Black Friday cresceram 34% entre 2023 e 2024. Os cibercriminosos recorrem a p\u00e1ginas falsas, descontos irreais, usurpa\u00e7\u00e3o de identidade, sorteios fraudulentos e golpes em plataformas de pagamento.<\/p>\n<p>\u00a0<\/p>\n","protected":false},"excerpt":{"rendered":"O Black Friday e o Cyber Monday continuam a ser os eventos comerciais mais importantes do ano, concentrando&hellip;\n","protected":false},"author":2,"featured_media":156320,"comment_status":"","ping_status":"","sticky":false,"template":"","format":"standard","meta":{"footnotes":""},"categories":[83],"tags":[88,89,90,32,33],"class_list":{"0":"post-156319","1":"post","2":"type-post","3":"status-publish","4":"format-standard","5":"has-post-thumbnail","7":"category-empresas","8":"tag-business","9":"tag-economy","10":"tag-empresas","11":"tag-portugal","12":"tag-pt"},"share_on_mastodon":{"url":"https:\/\/pubeurope.com\/@pt\/115570390438061996","error":""},"_links":{"self":[{"href":"https:\/\/www.europesays.com\/pt\/wp-json\/wp\/v2\/posts\/156319","targetHints":{"allow":["GET"]}}],"collection":[{"href":"https:\/\/www.europesays.com\/pt\/wp-json\/wp\/v2\/posts"}],"about":[{"href":"https:\/\/www.europesays.com\/pt\/wp-json\/wp\/v2\/types\/post"}],"author":[{"embeddable":true,"href":"https:\/\/www.europesays.com\/pt\/wp-json\/wp\/v2\/users\/2"}],"replies":[{"embeddable":true,"href":"https:\/\/www.europesays.com\/pt\/wp-json\/wp\/v2\/comments?post=156319"}],"version-history":[{"count":0,"href":"https:\/\/www.europesays.com\/pt\/wp-json\/wp\/v2\/posts\/156319\/revisions"}],"wp:featuredmedia":[{"embeddable":true,"href":"https:\/\/www.europesays.com\/pt\/wp-json\/wp\/v2\/media\/156320"}],"wp:attachment":[{"href":"https:\/\/www.europesays.com\/pt\/wp-json\/wp\/v2\/media?parent=156319"}],"wp:term":[{"taxonomy":"category","embeddable":true,"href":"https:\/\/www.europesays.com\/pt\/wp-json\/wp\/v2\/categories?post=156319"},{"taxonomy":"post_tag","embeddable":true,"href":"https:\/\/www.europesays.com\/pt\/wp-json\/wp\/v2\/tags?post=156319"}],"curies":[{"name":"wp","href":"https:\/\/api.w.org\/{rel}","templated":true}]}}