{"id":156327,"date":"2025-11-18T11:13:09","date_gmt":"2025-11-18T11:13:09","guid":{"rendered":"https:\/\/www.europesays.com\/pt\/156327\/"},"modified":"2025-11-18T11:13:09","modified_gmt":"2025-11-18T11:13:09","slug":"homem-transforma-fabrica-abandonada-em-uma-das-casas-mais-impressionantes-apos-45-anos-de-trabalho","status":"publish","type":"post","link":"https:\/\/www.europesays.com\/pt\/156327\/","title":{"rendered":"Homem transforma f\u00e1brica abandonada em uma das casas mais impressionantes ap\u00f3s 45 anos de trabalho"},"content":{"rendered":"<p>                                Um espa\u00e7o esquecido ganhou novo prop\u00f3sito gra\u00e7as a uma vis\u00e3o arquitet\u00f4nica diferenciada e sens\u00edvel<\/p>\n<p>                  <img decoding=\"async\" width=\"1024\" height=\"1280\" src=\"https:\/\/www.europesays.com\/pt\/wp-content\/uploads\/2025\/11\/WhatsApp-Image-2025-11-18-at-01.32.09.jpeg\" class=\"img-fluid animate__animated animate__fadeIn skip-lazy wp-post-image\" alt=\"Homem transforma f\u00e1brica abandonada em uma das casas mais impressionantes ap\u00f3s 45 anos de trabalho\" fetchpriority=\"high\"  \/>                  (Foto: Reprodu\u00e7\u00e3o \/ Instagram)<\/p>\n<p>Nos arredores de Barcelona, um dos projetos arquitet\u00f4nicos mais marcantes do s\u00e9culo XX nasceu de uma vis\u00e3o que poucos teriam coragem e sensibilidade de abra\u00e7ar.<\/p>\n<p>Isso porque quando Ricardo Bofill encontrou uma antiga f\u00e1brica de <a href=\"https:\/\/portal6.com.br\/2025\/11\/08\/goias-e-um-dos-estados-brasileiros-com-aquecimento-mais-acelerado-aponta-ranking\/\" rel=\"nofollow noopener\" target=\"_blank\">cimento<\/a> parcialmente demolida, enxergou ali n\u00e3o o fim de uma hist\u00f3ria, mas o in\u00edcio de uma reinven\u00e7\u00e3o.<\/p>\n<p>Ao longo de 45 anos, o arquiteto catal\u00e3o transformou a estrutura desgastada pela ind\u00fastria em um espa\u00e7o h\u00edbrido que abriga sua casa, seu est\u00fadio e um laborat\u00f3rio vivo de experimenta\u00e7\u00e3o. Uma das maiores reinven\u00e7\u00f5es arquitet\u00f4nicas que ganhou destaque no mundo inteiro.<\/p>\n<blockquote class=\"instagram-media\" style=\"background: #FFF; border: 0; border-radius: 3px; box-shadow: 0 0 1px 0 rgba(0,0,0,0.5),0 1px 10px 0 rgba(0,0,0,0.15); margin: 1px; max-width: 540px; min-width: 326px; padding: 0; width: calc(100% - 2px);\" data-instgrm-permalink=\"https:\/\/www.instagram.com\/p\/DQXp0lwDkVZ\/?utm_source=ig_embed&amp;utm_campaign=loading\" data-instgrm-version=\"14\">\n<\/blockquote>\n<p>O conjunto, batizado de La F\u00e1brica, \u00e9 hoje uma fus\u00e3o rara entre brutalismo e poesia: silos que antes aprisionavam poeira agora canalizam luz natural, paredes maci\u00e7as foram abertas para janelas monumentais e blocos de concreto ganharam suavidade com a hera que envolve boa parte dos volumes. A interven\u00e7\u00e3o de Bofill n\u00e3o buscou apagar o passado industrial, mas dialogar com ele. Uma verdadeira transforma\u00e7\u00e3o digna de pr\u00eamio.<\/p>\n<p>Cada arco, cada galp\u00e3o e cada escada preservada lembra a for\u00e7a original da estrutura, enquanto os jardins, as passarelas e os espa\u00e7os de contempla\u00e7\u00e3o revelam a delicadeza que o arquiteto quis inserir. Cada cen\u00e1rio mostra beleza, sem perder a originalidade de suas ra\u00edzes.<\/p>\n<p>Barcelona sempre foi um terreno f\u00e9rtil para vanguardas arquitet\u00f4nicas, e La F\u00e1brica tornou-se um s\u00edmbolo dessa tradi\u00e7\u00e3o: um exemplo de como cidade e criatividade podem coexistir sem apagar sua mem\u00f3ria.<\/p>\n<p>O local funciona hoje como resid\u00eancia, espa\u00e7o de cria\u00e7\u00e3o e manifesto art\u00edstico, prova de que, quando imagina\u00e7\u00e3o e paci\u00eancia se unem, at\u00e9 a arquitetura mais \u00e1rida pode renascer como um dos lugares mais inspiradores do mundo.<\/p>\n<p>Siga o <strong>Portal 6<\/strong> no\u00a0<a href=\"https:\/\/news.google.com\/publications\/CAAqKQgKIiNDQklTRkFnTWFoQUtEbkJ2Y25SaGJEWXVZMjl0TG1KeUtBQVAB\/sections\/CAQifkNCSVNXRG9pWjJGeVlXMXZibVJmY0hWaWJHbHphR1Z5WDNObFkzUnBiMjVmWldScGRHbHZia0lhWjJGeVlXMXZibVJmY0hWaWJHbHphR1Z5WDNObFkzUnBiMjV5RmdvVUNoSkhRVkpCVFU5T1JGOUdWVXhNWDA1QlRVVW9BQSotCAAqKQgKIiNDQklTRkFnTWFoQUtEbkJ2Y25SaGJEWXVZMjl0TG1KeUtBQVABUAE?ceid=BR:pt-419&amp;oc=3&amp;hl=pt-BR&amp;gl=BR\" rel=\"nofollow noopener\" target=\"_blank\">Google News<\/a>\u00a0fique por dentro de tudo!<\/p>\n<p>                              <script async src=\"\/\/www.instagram.com\/embed.js\"><\/script><\/p>\n","protected":false},"excerpt":{"rendered":"Um espa\u00e7o esquecido ganhou novo prop\u00f3sito gra\u00e7as a uma vis\u00e3o arquitet\u00f4nica diferenciada e sens\u00edvel (Foto: Reprodu\u00e7\u00e3o \/ Instagram)&hellip;\n","protected":false},"author":2,"featured_media":156328,"comment_status":"","ping_status":"","sticky":false,"template":"","format":"standard","meta":{"footnotes":""},"categories":[144],"tags":[207,205,206,203,201,202,204,114,115,32,33],"class_list":{"0":"post-156327","1":"post","2":"type-post","3":"status-publish","4":"format-standard","5":"has-post-thumbnail","7":"category-arte-e-design","8":"tag-arte","9":"tag-arte-e-design","10":"tag-artedesign","11":"tag-arts","12":"tag-arts-and-design","13":"tag-artsanddesign","14":"tag-design","15":"tag-entertainment","16":"tag-entretenimento","17":"tag-portugal","18":"tag-pt"},"share_on_mastodon":{"url":"https:\/\/pubeurope.com\/@pt\/115570409888995355","error":""},"_links":{"self":[{"href":"https:\/\/www.europesays.com\/pt\/wp-json\/wp\/v2\/posts\/156327","targetHints":{"allow":["GET"]}}],"collection":[{"href":"https:\/\/www.europesays.com\/pt\/wp-json\/wp\/v2\/posts"}],"about":[{"href":"https:\/\/www.europesays.com\/pt\/wp-json\/wp\/v2\/types\/post"}],"author":[{"embeddable":true,"href":"https:\/\/www.europesays.com\/pt\/wp-json\/wp\/v2\/users\/2"}],"replies":[{"embeddable":true,"href":"https:\/\/www.europesays.com\/pt\/wp-json\/wp\/v2\/comments?post=156327"}],"version-history":[{"count":0,"href":"https:\/\/www.europesays.com\/pt\/wp-json\/wp\/v2\/posts\/156327\/revisions"}],"wp:featuredmedia":[{"embeddable":true,"href":"https:\/\/www.europesays.com\/pt\/wp-json\/wp\/v2\/media\/156328"}],"wp:attachment":[{"href":"https:\/\/www.europesays.com\/pt\/wp-json\/wp\/v2\/media?parent=156327"}],"wp:term":[{"taxonomy":"category","embeddable":true,"href":"https:\/\/www.europesays.com\/pt\/wp-json\/wp\/v2\/categories?post=156327"},{"taxonomy":"post_tag","embeddable":true,"href":"https:\/\/www.europesays.com\/pt\/wp-json\/wp\/v2\/tags?post=156327"}],"curies":[{"name":"wp","href":"https:\/\/api.w.org\/{rel}","templated":true}]}}