{"id":156329,"date":"2025-11-18T11:15:25","date_gmt":"2025-11-18T11:15:25","guid":{"rendered":"https:\/\/www.europesays.com\/pt\/156329\/"},"modified":"2025-11-18T11:15:25","modified_gmt":"2025-11-18T11:15:25","slug":"rutura-a-vista-marisa-e-pedro-jorge-entram-em-guerra-ma-vingativa-e-rancorosa-secret-story","status":"publish","type":"post","link":"https:\/\/www.europesays.com\/pt\/156329\/","title":{"rendered":"Rutura \u00e0 vista? Marisa e Pedro Jorge entram em guerra: \u00abM\u00e1, vingativa e rancorosa\u00bb &#8211; Secret Story"},"content":{"rendered":"<p>No Secret Story 9, o casal Marisa e Pedro Jorge entrou em verdadeira guerra, com a discuss\u00e3o entre ambos a escalar rapidamente. No calor do confronto, surgiram acusa\u00e7\u00f5es duras, incluindo express\u00f5es como \u00abm\u00e1, vingativa e rancorosa\u00bb, que deixaram o clima altamente tenso.<\/p>\n<p><strong>H\u00e1 um novo leque de nomeados. Estes s\u00e3o os concorrentes em risco de abandonar o programa no pr\u00f3ximo domingo. Vote para salvar o seu favorito:<\/strong><\/p>\n<p>ANA \u2013 761 20 20 01<br \/>F\u00c1BIO \u2013 761 20 20 08<br \/>IN\u00caS \u2013 761 20 20 10<br \/>LILIANA \u2013 761 20 20 14<br \/>MARISA SUSANA &#8211; 761 20 20 17<\/p>\n","protected":false},"excerpt":{"rendered":"No Secret Story 9, o casal Marisa e Pedro Jorge entrou em verdadeira guerra, com a discuss\u00e3o entre&hellip;\n","protected":false},"author":2,"featured_media":156330,"comment_status":"","ping_status":"","sticky":false,"template":"","format":"standard","meta":{"footnotes":""},"categories":[142],"tags":[114,115,19033,19184,19034,21416,32,33,151,19032],"class_list":{"0":"post-156329","1":"post","2":"type-post","3":"status-publish","4":"format-standard","5":"has-post-thumbnail","7":"category-tv","8":"tag-entertainment","9":"tag-entretenimento","10":"tag-galas-em-video","11":"tag-marisa","12":"tag-melhores-momentos-casa-dos-segredos","13":"tag-pedro-jorge","14":"tag-portugal","15":"tag-pt","16":"tag-tv","17":"tag-videos-secret-story-tvi"},"share_on_mastodon":{"url":"https:\/\/pubeurope.com\/@pt\/115570417560724172","error":""},"_links":{"self":[{"href":"https:\/\/www.europesays.com\/pt\/wp-json\/wp\/v2\/posts\/156329","targetHints":{"allow":["GET"]}}],"collection":[{"href":"https:\/\/www.europesays.com\/pt\/wp-json\/wp\/v2\/posts"}],"about":[{"href":"https:\/\/www.europesays.com\/pt\/wp-json\/wp\/v2\/types\/post"}],"author":[{"embeddable":true,"href":"https:\/\/www.europesays.com\/pt\/wp-json\/wp\/v2\/users\/2"}],"replies":[{"embeddable":true,"href":"https:\/\/www.europesays.com\/pt\/wp-json\/wp\/v2\/comments?post=156329"}],"version-history":[{"count":0,"href":"https:\/\/www.europesays.com\/pt\/wp-json\/wp\/v2\/posts\/156329\/revisions"}],"wp:featuredmedia":[{"embeddable":true,"href":"https:\/\/www.europesays.com\/pt\/wp-json\/wp\/v2\/media\/156330"}],"wp:attachment":[{"href":"https:\/\/www.europesays.com\/pt\/wp-json\/wp\/v2\/media?parent=156329"}],"wp:term":[{"taxonomy":"category","embeddable":true,"href":"https:\/\/www.europesays.com\/pt\/wp-json\/wp\/v2\/categories?post=156329"},{"taxonomy":"post_tag","embeddable":true,"href":"https:\/\/www.europesays.com\/pt\/wp-json\/wp\/v2\/tags?post=156329"}],"curies":[{"name":"wp","href":"https:\/\/api.w.org\/{rel}","templated":true}]}}