{"id":156345,"date":"2025-11-18T11:28:23","date_gmt":"2025-11-18T11:28:23","guid":{"rendered":"https:\/\/www.europesays.com\/pt\/156345\/"},"modified":"2025-11-18T11:28:23","modified_gmt":"2025-11-18T11:28:23","slug":"o-apartamento-tropical-com-vista-para-o-pao-de-acucar-que-virou-lar-e-atelie","status":"publish","type":"post","link":"https:\/\/www.europesays.com\/pt\/156345\/","title":{"rendered":"O apartamento tropical com vista para o P\u00e3o de A\u00e7\u00facar que virou lar e ateli\u00ea"},"content":{"rendered":"<p>\n                Ler Resumo<\/p>\n<ul class=\"resume-list\" id=\"resume-list\" aria-hidden=\"true\">\n<li class=\"section-item section-intro\">\n<p>Introdu\u00e7\u00e3o<\/p>\n<p>A designer Isabela de Oliveira abre as portas de seu lar no Rio, um ref\u00fagio criativo com vista para o P\u00e3o de A\u00e7\u00facar. O apartamento, que divide com o artista Iza Ananse, \u00e9 palco de experimenta\u00e7\u00f5es, cores vibrantes e uma decora\u00e7\u00e3o cheia de significado. Conhe\u00e7a seu universo.<\/p>\n<\/li>\n<li class=\"section-item section-topicos\">\n<ul>\n<li><strong>Trajet\u00f3ria profissional:<\/strong> A transi\u00e7\u00e3o da designer, que atuou por sete anos na Farm, para uma carreira autoral focada em novas linguagens art\u00edsticas.<\/li>\n<li><strong>Lar e ateli\u00ea:<\/strong> Como o apartamento no Rio funciona como ref\u00fagio e espa\u00e7o de cria\u00e7\u00e3o para Isabela e seu namorado, o tamb\u00e9m artista Iza Ananse.<\/li>\n<li><strong>Decora\u00e7\u00e3o com afeto:<\/strong> A filosofia de decorar a casa sem pressa, valorizando m\u00f3veis garimpados e objetos com hist\u00f3ria, criando um ambiente que se transforma organicamente.<\/li>\n<li><strong>Explos\u00e3o de cores:<\/strong> A ousadia ao pintar as paredes de verde pistache com portas em tom berinjela, dando uma nova personalidade ao espa\u00e7o e refletindo a natureza ao redor.<\/li>\n<li><strong>Novas express\u00f5es:<\/strong> A expans\u00e3o de seu trabalho da estamparia para a pintura em grande escala e a cer\u00e2mica, com pe\u00e7as que exploram o movimento e o corpo.<\/li>\n<\/ul>\n<\/li>\n<li class=\"section-item section-info\">\n<p style=\"margin: 0;\">Este resumo foi \u00fatil?<\/p>\n<p>\n                            \ud83d\udc4d<br \/>\ud83d\udc4e\n                        <\/p>\n<p>                    Resumo gerado por ferramenta de IA treinada pela reda\u00e7\u00e3o da Editora Abril.\n                <\/p>\n<\/li>\n<\/ul>\n<p style=\"text-align: justify;\">Num cen\u00e1rio carioca inspirador, entre o verde das colinas e a impon\u00eancia do P\u00e3o de A\u00e7\u00facar,<strong> Isabela de Oliveira<\/strong> encontrou seu lar. A designer de estampas, conhecida por traduzir a brasilidade em cores e formas, divide o apartamento com o namorado, o artista Iza Ananse, em um espa\u00e7o que mistura viv\u00eancia cotidiana e experimenta\u00e7\u00e3o constante da arte. \u201cCasa \u00e9 abra\u00e7o, minha seguran\u00e7a. Aqui tenho a sensa\u00e7\u00e3o de estar num casulo\u201d, define.<\/p>\n<p>    <img loading=\"lazy\" decoding=\"async\" alt=\"mulher de vestido branco em p\u00e9 em frente \u00e0 parede com estampa de folha de bananeira\" class=\"size-full wp-image-1571575\" src=\"https:\/\/www.europesays.com\/pt\/wp-content\/uploads\/2025\/11\/IMAGEM-VERTICAL-Indoor-Isabela.jpg\" border=\"0\" title=\"IMAGEM VERTICAL \u2013 Indoor Isabela\" width=\"1024\" height=\"1536\" data-restrict=\"false\" data-portal-copyright=\"Andressa Guerra\" data-image-caption=\"Isabela de Oliveira compartilha um trajeto inspirador que vai da estamparia a novas express\u00f5es na cer\u00e2mica e pintura.\" data-image-title=\"\" data-image-source=\"CLAUDIA\"\/><br \/>\n     Isabela de Oliveira compartilha um trajeto inspirador que vai da estamparia a novas express\u00f5es na cer\u00e2mica e pintura. (Andressa Guerra\/CLAUDIA)<\/p>\n<p style=\"text-align: justify;\">Antes de chegar a esse momento, a artista construiu uma trajet\u00f3ria s\u00f3lida no design. Come\u00e7ou na carioca Wasabi, onde teve seu primeiro contato com o universo da estamparia, e depois trabalhou por sete anos na<strong> Farm<\/strong>, marca reconhecida por suas impress\u00f5es vibrantes e esp\u00edrito tropical. \u201cFoi um ciclo muito importante para mim, aprendi demais. Entrei como estagi\u00e1ria, e foi um grande aprendizado sobre processos criativos e identidade visual\u201d, relembra.<\/p>\n<p style=\"text-align: justify;\">Hoje, se dedica ao trabalho autoral e a colabora\u00e7\u00f5es pontuais (entre elas, uma recente cole\u00e7\u00e3o com a Westwing). Na tranquilidade de seu lar, ela fala com entusiasmo sobre essa fase em que pode experimentar diferentes t\u00e9cnicas e escalas, levando sua linguagem para novos suportes e formatos \u2014 da pintura \u00e0 cer\u00e2mica.<\/p>\n<p><b>Cria\u00e7\u00e3o em movimento<\/b><\/p>\n<p>    <img loading=\"lazy\" decoding=\"async\" alt=\"Mulher de costas pintando parede colorida.\" class=\"size-full wp-image-1571574\" src=\"https:\/\/www.europesays.com\/pt\/wp-content\/uploads\/2025\/11\/IMAGEM-VERTICAL-Indoor-Isabela2.jpg\" border=\"0\" title=\"IMAGEM VERTICAL \u2013 Indoor Isabela2\" width=\"1024\" height=\"1536\" data-restrict=\"false\" data-portal-copyright=\"Andressa Guerra\" data-image-caption=\"Isabela de Oliveira pintando parede da sua pr\u00f3pria casa.\" data-image-title=\"\" data-image-source=\"CLAUDIA\"\/><br \/>\n     Isabela de Oliveira pintando parede da sua pr\u00f3pria casa. (Andressa Guerra\/CLAUDIA)<\/p>\n<p>    <img loading=\"lazy\" decoding=\"async\" alt=\"Elementos de pintura como pintas e pinceis\" class=\"size-full wp-image-1571578\" src=\"https:\/\/www.europesays.com\/pt\/wp-content\/uploads\/2025\/11\/IMAGEM-HORIZONTAL-DESTAQUE-Indoor-Isabela.jpg\" border=\"0\" title=\"IMAGEM HORIZONTAL DESTAQUE \u2013 Indoor Isabela\" width=\"1024\" height=\"683\" data-restrict=\"false\" data-portal-copyright=\"Andressa Guerra\" data-image-caption=\"Isabela de Oliveira \u00e9 designer brasileira.\" data-image-title=\"\" data-image-source=\"CLAUDIA\"\/><br \/>\n     Isabela de Oliveira \u00e9 designer brasileira. (Andressa Guerra\/CLAUDIA)<\/p>\n<p>    Continua ap\u00f3s a publicidade<\/p>\n<p style=\"text-align: justify;\">A hist\u00f3ria com seu apartamento atual come\u00e7ou em 2019, quando Isabela saiu da casa dos pais, em Jacarepagu\u00e1, e iniciou a vida independente. Primeiro dividiu casa com uma amiga \u2014 \u201cFoi muito legal observar cada uma trazendo o seu ponto de vista\u201d \u2014 e depois viveu tr\u00eas anos em um est\u00fadio de 30 metros quadrados no Largo do Machado. <\/p>\n<p style=\"text-align: justify;\">O encontro com Iza, seu companheiro, marcou uma nova etapa, quando decidiram morar juntos. \u201cA escolha do bairro foi um equil\u00edbrio entre a minha vontade de voltar para a Tijuca e o desejo do Iza de viver em Santa Teresa. Uma amiga me mandou o link deste apartamento e a foto do banner tinha uma supervista do P\u00e3o de A\u00e7\u00facar. Achei que era coisa de corretor, que era uma imagem fake.<\/p>\n<p>    <img loading=\"lazy\" decoding=\"async\" alt=\"Sala de estar com decora\u00e7\u00e3o brasileira\" class=\"size-full wp-image-1571573\" src=\"https:\/\/www.europesays.com\/pt\/wp-content\/uploads\/2025\/11\/IMAGEM-VERTICAL-Indoor-Isabela3.jpg\" border=\"0\" title=\"IMAGEM VERTICAL \u2013 Indoor Isabela3\" width=\"1024\" height=\"1536\" data-restrict=\"false\" data-portal-copyright=\"Andressa Guerra\" data-image-caption=\"Em harmonia com o tom Jangadeiro das paredes, o sof\u00e1 tamb\u00e9m foi reformado com um tecido na cor \u2014 a pe\u00e7a veio de um antiqu\u00e1rio na rua do Lavradio. A tape\u00e7aria \u00e9 da Voador Tecelagem e a poltroninha foi garimpada e revestida com uma estampa feita pela artista.\" data-image-title=\"\" data-image-source=\"CLAUDIA\"\/><br \/>\n     Em harmonia com o tom Jangadeiro das paredes, o sof\u00e1 tamb\u00e9m foi reformado com um tecido na cor \u2014 a pe\u00e7a veio de um antiqu\u00e1rio na rua do Lavradio. A tape\u00e7aria \u00e9 da Voador Tecelagem e a poltroninha foi garimpada e revestida com uma estampa feita pela artista. (Andressa Guerra\/CLAUDIA)<\/p>\n<p>    <img loading=\"lazy\" decoding=\"async\" alt=\"Sala de estar com parede verde, plantas e quadros\" class=\"size-full wp-image-1571572\" src=\"https:\/\/www.europesays.com\/pt\/wp-content\/uploads\/2025\/11\/IMAGEM-VERTICAL-Indoor-Isabela4.jpg\" border=\"0\" title=\"IMAGEM VERTICAL \u2013 Indoor Isabela4\" width=\"1024\" height=\"1536\" data-restrict=\"false\" data-portal-copyright=\"Andressa Guerra\" data-image-caption=\"As obras s\u00e3o de Iza Ananse, namorado, que divide o lar com a moradora. Acima, a placa \u00e9 de um com\u00e9rcio antigo e foi comprada de segunda m\u00e3o na loja Archivo.\" data-image-title=\"\" data-image-source=\"CLAUDIA\"\/><br \/>\n     As obras s\u00e3o de Iza Ananse, namorado, que divide o lar com a moradora. Acima, a placa \u00e9 de um com\u00e9rcio antigo e foi comprada de segunda m\u00e3o na loja Archivo. (Andressa Guerra\/CLAUDIA)<\/p>\n<p style=\"text-align: justify;\">Na visita, a gente j\u00e1 come\u00e7ou a ter uma surpresa no caminho, porque fica instalado no meio da floresta\u201d, conta a moradora. A chegada \u00e9 quase uma cena de filme \u2014 o acesso se d\u00e1 por um pequeno funicular, e os janel\u00f5es da sala revelam a vista aberta para a cidade.<\/p>\n<p>    Continua ap\u00f3s a publicidade<\/p>\n<p style=\"text-align: justify;\"><strong>A rela\u00e7\u00e3o de Isabela com a decora\u00e7\u00e3o e a constru\u00e7\u00e3o do lar \u00e9 pautada pela sensibilidade.<\/strong> \u201cA gente tem uma coisa de respeitar o momento, o tempo da casa. Eu at\u00e9 falo isso com amigas que est\u00e3o de mudan\u00e7a: \u2018Gente, n\u00e3o tenham pressa para decorar sua casa, ela mesma vai se apresentar. Voc\u00ea pode ter seu estilo, mas a casa traz uma proposta\u2019.\u201d Cada escolha carrega um significado: plantas que d\u00e3o vida, m\u00f3veis garimpados e objetos com hist\u00f3ria.<\/p>\n<p>    <img loading=\"lazy\" decoding=\"async\" alt=\"Quadros de pintura, chinelo verde no ch\u00e3o e disco de vinil.\" class=\"size-full wp-image-1571577\" src=\"https:\/\/www.europesays.com\/pt\/wp-content\/uploads\/2025\/11\/IMAGEM-HORIZONTAL-DESTAQUE-Indoor-Isabela2.jpg\" border=\"0\" title=\"IMAGEM HORIZONTAL DESTAQUE \u2013 Indoor Isabela2\" width=\"1024\" height=\"683\" data-restrict=\"false\" data-portal-copyright=\"Andressa Guerra\" data-image-caption=\"Decora\u00e7\u00e3o sens\u00edvel reflete a hist\u00f3ria do lar, com m\u00f3veis garimpados que trazem mem\u00f3rias e significado.\" data-image-title=\"\" data-image-source=\"CLAUDIA\"\/><br \/>\n     Decora\u00e7\u00e3o sens\u00edvel reflete a hist\u00f3ria do lar, com m\u00f3veis garimpados que trazem mem\u00f3rias e significado. (Andressa Guerra\/CLAUDIA)<\/p>\n<p style=\"text-align: justify;\">\u201cTem o meu sof\u00e1, que \u00e9 meu maior xod\u00f3\u2026 Ele \u00e9 lindo e bem antigo. Tem um ba\u00fa que eu comprei em um antiqu\u00e1rio, que estava no meio da rua, \u00e9 um item r\u00fastico e do s\u00e9culo 18. S\u00e3o pe\u00e7as que v\u00e3o permanecer para sempre, v\u00e3o me acompanhar aonde eu for\u201d, garante. Comprar m\u00f3veis usados, para Isabela, tamb\u00e9m \u00e9 uma forma de repensar os h\u00e1bitos de compra. \u201c\u00c9 um jeito de evitar esse consumo desenfreado, sabe? De dar uma nova vida para as coisas.\u201d<\/p>\n<p style=\"text-align: justify;\">Durante muito tempo, <strong>as paredes brancas serviram como uma tela em branco para o apartamento<\/strong>. Recentemente, decidiu mudar. O verde pistache agora domina boa parte do espa\u00e7o, refletindo a natureza que se v\u00ea pelas janelas. Nos contornos, as portas em berinjela adicionam profundidade, fazendo contraponto \u00e0 luz intensa que entra na sala e delimita separa\u00e7\u00f5es: \u201c\u00c9 uma ousadia que deu muito certo, foi como dar uma nova personalidade para a casa\u201d.<\/p>\n<p><b>Pinturas e experimenta\u00e7\u00f5es<\/b><\/p>\n<p>    <img loading=\"lazy\" decoding=\"async\" alt=\"Mulher de vestido branco sentada em cadeira em casa com plantas.\" class=\"size-full wp-image-1571571\" src=\"https:\/\/www.europesays.com\/pt\/wp-content\/uploads\/2025\/11\/IMAGEM-VERTICAL-Indoor-Isabela5.jpg\" border=\"0\" title=\"IMAGEM VERTICAL \u2013 Indoor Isabela5\" width=\"1024\" height=\"1536\" data-restrict=\"false\" data-portal-copyright=\"Andressa Guerra\" data-image-caption=\"A artista compartilha um trajeto inspirador que vai da estamparia a novas express\u00f5es na cer\u00e2mica e pintura.\" data-image-title=\"\" data-image-source=\"CLAUDIA\"\/><br \/>\n     A artista compartilha um trajeto inspirador que vai da estamparia a novas express\u00f5es na cer\u00e2mica e pintura. (Andressa Guerra\/CLAUDIA)<\/p>\n<p>    Continua ap\u00f3s a publicidade<\/p>\n<p>    <img loading=\"lazy\" decoding=\"async\" alt=\"Canto de sala com porta de madeira, planta em caso e parede pintada de verde pistache.\" class=\"size-full wp-image-1571570\" src=\"https:\/\/www.europesays.com\/pt\/wp-content\/uploads\/2025\/11\/IMAGEM-VERTICAL-Indoor-Isabela6.jpg\" border=\"0\" title=\"IMAGEM VERTICAL \u2013 Indoor Isabela6\" width=\"1024\" height=\"1536\" data-restrict=\"false\" data-portal-copyright=\"Andressa Guerra\" data-image-caption=\"Detalhes da casa de Isabela de Oliveira.\" data-image-title=\"\" data-image-source=\"CLAUDIA\"\/><br \/>\n     Detalhes da casa de Isabela de Oliveira. (Andressa Guerra\/CLAUDIA)<\/p>\n<p style=\"text-align: justify;\">O trabalho art\u00edstico de Isabela se expandiu nos \u00faltimos anos, com a pintura ocupando um espa\u00e7o central. Ela passou a criar <strong>quadros com flores e elementos naturais<\/strong>, realizando um desejo antigo de al\u00e7ar suas ilustra\u00e7\u00f5es para dimens\u00f5es maiores. \u201cEu quero levar isso para a casa das pessoas. Aumentar meu trabalho, tirar dessa escala pequena do papel e crescer para onde for\u201d, explica.<\/p>\n<p style=\"text-align: justify;\">O mesmo impulso a levou \u00e0 cer\u00e2mica. Tudo come\u00e7ou com um vaso inspirado em um rosto, e evoluiu para esculturas que exploram movimento e corpo, como as figuras de dan\u00e7arinos de voguing. Isabela aprendeu grande parte do processo sozinha, testando e observando a rea\u00e7\u00e3o da argila, sempre em constante experimenta\u00e7\u00e3o.<\/p>\n<p>    <img loading=\"lazy\" decoding=\"async\" alt=\"Quarto com parede amarela, quadro e casa de casal com roupa verde e branca.\" class=\"size-full wp-image-1571569\" src=\"https:\/\/www.europesays.com\/pt\/wp-content\/uploads\/2025\/11\/IMAGEM-VERTICAL-Indoor-Isabela7.jpg\" border=\"0\" title=\"IMAGEM VERTICAL \u2013 Indoor Isabela7\" width=\"1024\" height=\"1536\" data-restrict=\"false\" data-portal-copyright=\"Andressa Guerra\" data-image-caption=\"Quarto da casa de Isabela de Oliveira.\" data-image-title=\"\" data-image-source=\"CLAUDIA\"\/><br \/>\n     Quarto da casa de Isabela de Oliveira. (Andressa Guerra\/CLAUDIA)<\/p>\n<p style=\"text-align: justify;\">Para ela, <strong>cada pe\u00e7a \u00e9 tamb\u00e9m uma forma de se compreender como artista<\/strong>. Suas refer\u00eancias s\u00e3o m\u00faltiplas, mas todas partem do olhar atento ao cotidiano e \u00e0 natureza. A artista conta que viaja frequentemente em busca de museus, exposi\u00e7\u00f5es e trabalhos de artistas locais, absorvendo experi\u00eancias que depois transforma em sua pr\u00f3pria linguagem. O que mais gosta de fazer \u00e9 reinterpretar o que v\u00ea e trazer para o seu universo tropical.<\/p>\n<p>    Continua ap\u00f3s a publicidade<\/p>\n<p>Isabela de Oliveira<\/p>\n<p>\u201cA casa vai se apresentando, n\u00e3o tem pressa para decorar tudo de uma vez\u201d <\/p>\n<p style=\"text-align: justify;\">O apartamento de Isabela e Ananse funciona tamb\u00e9m como <strong>ateli\u00ea compartilhado.<\/strong> Entre pinc\u00e9is, tintas e cer\u00e2micas, eles improvisam o uso do espa\u00e7o e equilibram a conviv\u00eancia art\u00edstica. Apesar de a casa ser ampla, o casal j\u00e1 sonha em ter um local ainda maior, onde cada um possa ter seu pr\u00f3prio ateli\u00ea. <\/p>\n<p style=\"text-align: justify;\">Entre m\u00f3veis com hist\u00f3ria, cores que evoluem com o tempo e objetos que carregam mem\u00f3rias, o lar reflete o percurso criativo de Isabela \u2014 um espa\u00e7o em constante movimento, aberto \u00e0 experimenta\u00e7\u00e3o e \u00e0s pequenas transforma\u00e7\u00f5es do dia a dia.\u00a0<\/p>\n<p><b>Assine a newsletter de CLAUDIA<\/b><\/p>\n<p>Receba sele\u00e7\u00f5es especiais de receitas, al\u00e9m das melhores dicas de amor &amp; sexo. E o melhor: sem pagar nada. Inscreva-se abaixo para receber as nossas newsletters:<\/p>\n<p>Assine a Newsletter CLAUDIA Cozinha<\/p>\n<p>\n                            Receba a melhor curadoria de conte\u00fados de gastronomia de CLAUDIA COZINHA.<br \/>\n                                <strong><br \/>\n                                    Inscreva-se aqui<br \/>\n                                <\/strong>para receber a nossa newsletter<\/p>\n<p>                            Cadastro efetuado com sucesso!<\/p>\n<p>Voc\u00ea receber\u00e1 nossa newsletter em breve.<\/p>\n<p>    Continua ap\u00f3s a publicidade<\/p>\n<p>Assine a Newsletter Amor &amp; Sexo<\/p>\n<p>\n                            Receba as melhores dicas de relacionamento e sexo. E o melhor: sem pagar nada.<\/p>\n<p>                                <strong><br \/>\n                                    Inscreva-se aqui<br \/>\n                                <\/strong>para receber a nossa newsletter<\/p>\n<p>                            Cadastro efetuado com sucesso!<\/p>\n<p>Voc\u00ea receber\u00e1 nossa newsletter em breve.<\/p>\n<p><b>Acompanhe o nosso WhatsApp<\/b><\/p>\n<p>Quer receber as \u00faltimas not\u00edcias, receitas e mat\u00e9rias incr\u00edveis de CLAUDIA direto no seu celular? \u00c9 s\u00f3 se inscrever aqui, <a href=\"https:\/\/whatsapp.com\/channel\/0029Va7rh5uCsU9Q7higqA2C\" rel=\"nofollow noopener\" target=\"_blank\">no nosso canal no WhatsApp<\/a>.\u00a0<\/p>\n<p><b>Acesse as not\u00edcias atrav\u00e9s de nosso app\u00a0<\/b><\/p>\n<p>Com o aplicativo de CLAUDIA, dispon\u00edvel para <a href=\"https:\/\/apps.apple.com\/br\/app\/claudia\/id433397151\" rel=\"nofollow noopener\" target=\"_blank\">iOS<\/a> e<a href=\"https:\/\/play.google.com\/store\/apps\/details?id=com.newspaperdirect.abril.claudia&amp;pli=1\" rel=\"nofollow noopener\" target=\"_blank\"> Android<\/a>, voc\u00ea confere as edi\u00e7\u00f5es impressas na \u00edntegra, e ainda ganha acesso ilimitado ao conte\u00fado dos apps de todos os t\u00edtulos Abril, como Veja e Superinteressante.<\/p>\n","protected":false},"excerpt":{"rendered":"Ler Resumo Introdu\u00e7\u00e3o A designer Isabela de Oliveira abre as portas de seu lar no Rio, um ref\u00fagio&hellip;\n","protected":false},"author":2,"featured_media":156346,"comment_status":"","ping_status":"","sticky":false,"template":"","format":"standard","meta":{"footnotes":""},"categories":[144],"tags":[207,205,206,203,201,202,204,114,115,32,33],"class_list":{"0":"post-156345","1":"post","2":"type-post","3":"status-publish","4":"format-standard","5":"has-post-thumbnail","7":"category-arte-e-design","8":"tag-arte","9":"tag-arte-e-design","10":"tag-artedesign","11":"tag-arts","12":"tag-arts-and-design","13":"tag-artsanddesign","14":"tag-design","15":"tag-entertainment","16":"tag-entretenimento","17":"tag-portugal","18":"tag-pt"},"share_on_mastodon":{"url":"https:\/\/pubeurope.com\/@pt\/115570469266140518","error":""},"_links":{"self":[{"href":"https:\/\/www.europesays.com\/pt\/wp-json\/wp\/v2\/posts\/156345","targetHints":{"allow":["GET"]}}],"collection":[{"href":"https:\/\/www.europesays.com\/pt\/wp-json\/wp\/v2\/posts"}],"about":[{"href":"https:\/\/www.europesays.com\/pt\/wp-json\/wp\/v2\/types\/post"}],"author":[{"embeddable":true,"href":"https:\/\/www.europesays.com\/pt\/wp-json\/wp\/v2\/users\/2"}],"replies":[{"embeddable":true,"href":"https:\/\/www.europesays.com\/pt\/wp-json\/wp\/v2\/comments?post=156345"}],"version-history":[{"count":0,"href":"https:\/\/www.europesays.com\/pt\/wp-json\/wp\/v2\/posts\/156345\/revisions"}],"wp:featuredmedia":[{"embeddable":true,"href":"https:\/\/www.europesays.com\/pt\/wp-json\/wp\/v2\/media\/156346"}],"wp:attachment":[{"href":"https:\/\/www.europesays.com\/pt\/wp-json\/wp\/v2\/media?parent=156345"}],"wp:term":[{"taxonomy":"category","embeddable":true,"href":"https:\/\/www.europesays.com\/pt\/wp-json\/wp\/v2\/categories?post=156345"},{"taxonomy":"post_tag","embeddable":true,"href":"https:\/\/www.europesays.com\/pt\/wp-json\/wp\/v2\/tags?post=156345"}],"curies":[{"name":"wp","href":"https:\/\/api.w.org\/{rel}","templated":true}]}}