{"id":156361,"date":"2025-11-18T11:45:09","date_gmt":"2025-11-18T11:45:09","guid":{"rendered":"https:\/\/www.europesays.com\/pt\/156361\/"},"modified":"2025-11-18T11:45:09","modified_gmt":"2025-11-18T11:45:09","slug":"vem-ai-em-terra-forte-desesperado-marcus-tenta-matar-maria-de-fatima-novelas","status":"publish","type":"post","link":"https:\/\/www.europesays.com\/pt\/156361\/","title":{"rendered":"Vem a\u00ed em \u00abTerra Forte\u00bb: Desesperado, Marcus tenta matar Maria de F\u00e1tima &#8211; Novelas"},"content":{"rendered":"<p>Em \u00abTerra Forte\u00bb, <a href=\"https:\/\/tvi.iol.pt\/novelas\/videos\/terra-forte-maria-de-fatima-e-manuel-tinham-um-caso\/68f65cdc0cf29d28d82976cb\" rel=\"nofollow noopener\" target=\"_blank\">Maria de F\u00e1tima (Rita Pereira)<\/a>\u00a0entra na sala, come\u00e7ando de imediato a espirrar sem parar por causa do c\u00e3o. <a href=\"https:\/\/tvi.iol.pt\/novelas\/videos\/terra-forte-marcus-tem-um-novo-plano-para-destruir-maria-de-fatima-e-a-acoreana\/68fa5c1f0cf29d28d8298112\" rel=\"nofollow noopener\" target=\"_blank\">Marcus (Vitor Hugo)<\/a>\u00a0desperta e diz a Maria de F\u00e1tima que vai aproveitar para acabar com ela, visto j\u00e1 ir preso de qualquer maneira, pegando num objeto afiado.<\/p>\n<p>Maria de F\u00e1tima foge de Marcus, que a persegue com um objeto. <a href=\"https:\/\/tvi.iol.pt\/novelas\/videos\/terra-forte-emocionante-antonio-e-flor-trocam-juras-de-amor\/68f7b89d0cf29d28d8297a77\" rel=\"nofollow noopener\" target=\"_blank\">Ant\u00f3nio (Jo\u00e3o Catarr\u00e9)<\/a>\u00a0tenta agarrar Marcus, mas n\u00e3o consegue. Susette sai disparada para ir chamar os seguran\u00e7as. <a href=\"https:\/\/tvi.iol.pt\/novelas\/videos\/terra-forte-dudu-apresenta-rosinha-a-sammy-e-a-rosa-maria\/68f7b86d0cf29d28d8297a76\" rel=\"nofollow noopener\" target=\"_blank\">Dudu (Tom\u00e1s Taborda)<\/a>\u00a0aparece a rastejar na sala, mas acaba por apagar de novo. Marcus fica a apontar amea\u00e7ador o objeto a Maria de F\u00e1tima e Ant\u00f3nio.<\/p>\n<p><a href=\"https:\/\/tvi.iol.pt\/novelas\/videos\/terra-forte-no-dia-do-seu-aniversario-flor-recebe-uma-visita-inesperada\/68f65c7a0cf29d28d82976c8\" rel=\"nofollow noopener\" target=\"_blank\">Flor (Benedita Pereira)<\/a>\u00a0ouve espantada Maria de F\u00e1tima a gritar na sala.<\/p>\n<p>Maria de F\u00e1tima est\u00e1 em cima da mesa a fugir de Marcus. <a href=\"https:\/\/tvi.iol.pt\/novelas\/videos\/terra-forte-foi-dani-a-filha-de-maria-de-fatima-que-atingiu-a-propria-mae\/68f61cd50cf285ab53a6aaf8\" rel=\"nofollow noopener\" target=\"_blank\">Dani (Camy Ribau)<\/a>\u00a0 entra na sala, ficando em choque ao reconhecer Marcus. Flor e Sammy surgem na sala, ficando at\u00f3nitos com o que est\u00e1 a acontecer. Susette (In\u00eas Faria) chega com os seguran\u00e7as, que apontam armas a Marcus, mas este, num movimento r\u00e1pido, apanha Maria de F\u00e1tima, usando-a com escudo.<\/p>\n<p>Marcus tem o objeto no pesco\u00e7o de Maria de F\u00e1tima, amea\u00e7ando mat\u00e1-la. Maria de F\u00e1tima diz aos seguran\u00e7as para dispararem, mas Ant\u00f3nio e Flor impedem-nos, com Flor a dizer estar somente ali um homem que n\u00e3o \u00e9 perigoso, mas sim desesperado.<\/p>\n<p>Flor continua a tentar acalmar os \u00e2nimos a dizer que Marcus n\u00e3o vai fazer mal a Maria de F\u00e1tima. Bingo vai para o p\u00e9 de Marcus. Maria de F\u00e1tima fica em p\u00e2nico a dizer que est\u00e1 em perigo de morrer com o c\u00e3o. Dani puxa Rosinha para tirarem o c\u00e3o dali.<\/p>\n<p>Maria de F\u00e1tima j\u00e1 est\u00e1 sem conseguir respirar, mas Marcus continua sem a largar. <a href=\"https:\/\/tvi.iol.pt\/novelas\/videos\/terra-forte-sammy-fica-sem-chao-ao-descobrir-que-flor-e-a-mae-de-rosinha\/68f7b83e0cf29d28d8297a75\" rel=\"nofollow noopener\" target=\"_blank\">Sammy (Jos\u00e9 Fidalgo)<\/a>\u00a0conta que Marcus \u00e9 o dono da Komibem, a empresa de conservas que provocou v\u00e1rias mortes. Marcus defende-se que foi Maria de F\u00e1tima que provocou isso. Flor apela a Marcus que largue Maria de F\u00e1tima se n\u00e3o quer ser respons\u00e1vel pela morte dela.<\/p>\n<p>Maria de F\u00e1tima j\u00e1 est\u00e1 com a cara deformada, quase sem conseguir respirar. Flor sobe para a mesa a insistir com Marcus para largar Maria de F\u00e1tima, dizendo saber que ele \u00e9 um homem bom, al\u00e9m de n\u00e3o querer perder a irm\u00e3 que agora reencontrou.<\/p>\n<p>Recorde o motivo de tudo isto:<\/p>\n","protected":false},"excerpt":{"rendered":"Em \u00abTerra Forte\u00bb, Maria de F\u00e1tima (Rita Pereira)\u00a0entra na sala, come\u00e7ando de imediato a espirrar sem parar por&hellip;\n","protected":false},"author":2,"featured_media":156362,"comment_status":"","ping_status":"","sticky":false,"template":"","format":"standard","meta":{"footnotes":""},"categories":[142],"tags":[160,27121,7951,32727,33560,166,8463,7094,114,115,157,167,978,27915,33561,2727,164,33563,29765,8598,161,158,165,159,32,33,156,5871,27917,26751,33562,18614,163,27916,151,162,6094],"class_list":{"0":"post-156361","1":"post","2":"type-post","3":"status-publish","4":"format-standard","5":"has-post-thumbnail","7":"category-tv","8":"tag-ana-guiomar","9":"tag-antonio","10":"tag-benedita-pereira","11":"tag-camy-ribau","12":"tag-cassiano-carneiro","13":"tag-cristina-ferreira","14":"tag-dani","15":"tag-dudu","16":"tag-entertainment","17":"tag-entretenimento","18":"tag-festa-e-festa","19":"tag-ficcao","20":"tag-flor","21":"tag-francisca-salgado","22":"tag-ines-faria","23":"tag-joao-catarre","24":"tag-jose-fidalgo","25":"tag-leumi","26":"tag-marcus","27":"tag-maria-de-fatima","28":"tag-novelas","29":"tag-para-sempre","30":"tag-pedro-sousa","31":"tag-pedro-teixeira","32":"tag-portugal","33":"tag-pt","34":"tag-queridos-papas","35":"tag-rita-pereira","36":"tag-rosinha","37":"tag-sammy","38":"tag-susette","39":"tag-terra-forte","40":"tag-tiago-teotonio-pereira","41":"tag-tomas-taborda","42":"tag-tv","43":"tag-tvi","44":"tag-vitor-hugo"},"share_on_mastodon":{"url":"","error":"Validation failed: Text character limit of 500 exceeded"},"_links":{"self":[{"href":"https:\/\/www.europesays.com\/pt\/wp-json\/wp\/v2\/posts\/156361","targetHints":{"allow":["GET"]}}],"collection":[{"href":"https:\/\/www.europesays.com\/pt\/wp-json\/wp\/v2\/posts"}],"about":[{"href":"https:\/\/www.europesays.com\/pt\/wp-json\/wp\/v2\/types\/post"}],"author":[{"embeddable":true,"href":"https:\/\/www.europesays.com\/pt\/wp-json\/wp\/v2\/users\/2"}],"replies":[{"embeddable":true,"href":"https:\/\/www.europesays.com\/pt\/wp-json\/wp\/v2\/comments?post=156361"}],"version-history":[{"count":0,"href":"https:\/\/www.europesays.com\/pt\/wp-json\/wp\/v2\/posts\/156361\/revisions"}],"wp:featuredmedia":[{"embeddable":true,"href":"https:\/\/www.europesays.com\/pt\/wp-json\/wp\/v2\/media\/156362"}],"wp:attachment":[{"href":"https:\/\/www.europesays.com\/pt\/wp-json\/wp\/v2\/media?parent=156361"}],"wp:term":[{"taxonomy":"category","embeddable":true,"href":"https:\/\/www.europesays.com\/pt\/wp-json\/wp\/v2\/categories?post=156361"},{"taxonomy":"post_tag","embeddable":true,"href":"https:\/\/www.europesays.com\/pt\/wp-json\/wp\/v2\/tags?post=156361"}],"curies":[{"name":"wp","href":"https:\/\/api.w.org\/{rel}","templated":true}]}}