{"id":156363,"date":"2025-11-18T11:50:21","date_gmt":"2025-11-18T11:50:21","guid":{"rendered":"https:\/\/www.europesays.com\/pt\/156363\/"},"modified":"2025-11-18T11:50:21","modified_gmt":"2025-11-18T11:50:21","slug":"a-low-cost-action-lanca-varios-artigos-de-natal-a-precos-muito-baixos","status":"publish","type":"post","link":"https:\/\/www.europesays.com\/pt\/156363\/","title":{"rendered":"A low cost Action lan\u00e7a v\u00e1rios artigos de Natal a pre\u00e7os muito baixos"},"content":{"rendered":"<p>A \u00e9poca natal\u00edcia aproxima-se rapidamente e a Action volta a destacar-se pelas promo\u00e7\u00f5es semanais recheadas de oportunidades. Com <a href=\"https:\/\/www.magazine-hd.com\/apps\/wp\/rival-da-action-e-normal-com-dezenas-de-produtos-de-natal-em-promocao\/\" target=\"_blank\" rel=\"noopener nofollow\">pre\u00e7os<\/a> reduzidos em decora\u00e7\u00e3o, presentes, utens\u00edlios dom\u00e9sticos e produtos sazonais, a loja \u00e9 um destino acess\u00edvel para quem pretende preparar o Natal sem pesar no or\u00e7amento. Nesta semana, surgem descontos que chegam aos 33%, abrangendo desde artigos festivos a pequenos eletrodom\u00e9sticos e acess\u00f3rios do dia a dia.<\/p>\n<p>Promo\u00e7\u00f5es focadas na decora\u00e7\u00e3o de Natal<\/p>\n<p>Para quem deseja transformar a casa num ambiente acolhedor e festivo, a Action disponibiliza variadas op\u00e7\u00f5es. A\u00a0decora\u00e7\u00e3o de <a href=\"https:\/\/www.magazine-hd.com\/apps\/wp\/action-acaba-lancar-mega-promocao-artigos-natal\/\" target=\"_blank\" rel=\"noopener nofollow\">Natal<\/a> com luz e som, por apenas\u00a09,95 \u20ac, destaca-se como uma das escolhas mais apelativas, sobretudo devido \u00e0 redu\u00e7\u00e3o de 28%. Al\u00e9m disso, a\u00a0grinalda LED\u00a0de 36 cm surge a\u00a05,95 \u20ac, oferecendo uma alternativa luminosa e econ\u00f3mica para complementar portas, janelas ou mesas.<\/p>\n<p>A pensar nas aldeias de Natal, surgem as figuras de aldeia Magic Village, agora a 5,95 \u20ac, o que representa um desconto de 14%. Em complemento, as \u00e1rvores de Natal Magic Village est\u00e3o dispon\u00edveis por 1,67 \u20ac, perfeitas para ampliar pequenas decora\u00e7\u00f5es ou criar novos cen\u00e1rios.<\/p>\n<p>Para iluminar espa\u00e7os interiores, o\u00a0candeeiro de Natal em Diamond Painting\u00a0oferece um elemento decorativo criativo por apenas\u00a01,97 \u20ac, tornando esta pe\u00e7a uma compra acess\u00edvel e original.<\/p>\n<p>Presentes econ\u00f3micos para toda a fam\u00edlia<\/p>\n<p>Al\u00e9m da decora\u00e7\u00e3o, a Action inclui v\u00e1rias propostas ideais para presentes de Natal. Os\u00a0auriculares sem fios Urbanista Santiago, com 20% de desconto, ficam a\u00a011,95 \u20ac, enquanto a vers\u00e3o com cancelamento de ru\u00eddo baixa para\u00a016,95 \u20ac, tornando-se op\u00e7\u00f5es interessantes para quem procura tecnologia a <a href=\"https:\/\/www.magazine-hd.com\/apps\/wp\/primaprix-rival-action-normal-abre-nova-loja-portugal\/\" target=\"_blank\" rel=\"noopener nofollow\">pre\u00e7os<\/a> reduzidos.<\/p>\n<p>As crian\u00e7as tamb\u00e9m n\u00e3o ficam de fora. O popular\u00a0Little Live Pets Mama Surprise\u00a0encontra-se agora por\u00a09,97 \u20ac, um desconto de 33% que o transforma num dos brinquedos mais competitivos da semana.<\/p>\n<p>Artigos pr\u00e1ticos para o dia a dia<\/p>\n<p>Embora o foco recaia sobre o Natal, a Action equilibra o folheto com produtos \u00fateis para uso di\u00e1rio. Entre os destaques encontram-se os\u00a0copos de parede dupla, tanto na vers\u00e3o de 100 ml a\u00a01,99 \u20accomo na vers\u00e3o de 2 unidades a\u00a02,99 \u20ac. Ambos os conjuntos surgem com <a href=\"https:\/\/www.magazine-hd.com\/apps\/wp\/action-lanca-nova-campanha-grandes-descontos-artigos-natal\/\" target=\"_blank\" rel=\"noopener nofollow\">descontos<\/a> superiores a 25%, garantindo excelente rela\u00e7\u00e3o qualidade-pre\u00e7o.<\/p>\n<p>No campo da higiene e beleza, o verniz de unhas de gel Jacky-M apresenta um valor competitivo de 2,99 \u20ac. Enquanto a mini l\u00e2mpada UV custa apenas 1,49 \u20ac, ideal para quem deseja criar um kit de manicure econ\u00f3mica em casa. Ainda dentro desta categoria, os autocolantes de unhas de geldescem para 2,49 \u20ac, facilitando a cria\u00e7\u00e3o de nail art tem\u00e1tica de forma pr\u00e1tica.<\/p>\n<p>Para cuidados dom\u00e9sticos, o intensificador de fragr\u00e2ncia Endless Scent Morning Energy encontra-se a 2,48 \u20ac, refor\u00e7ando a tend\u00eancia de produtos funcionais com <a href=\"https:\/\/www.magazine-hd.com\/apps\/wp\/tedi-rival-normal-action-super-promocao-dezenas-artigos-casa\/\" target=\"_blank\" rel=\"noopener nofollow\">desconto<\/a>. Al\u00e9m disso, o protetor de bagageira C&amp;C, a 3,99 \u20ac, oferece uma solu\u00e7\u00e3o acess\u00edvel para proteger o interior do ve\u00edculo.<\/p>\n<p>Decora\u00e7\u00e3o exterior e acess\u00f3rios complementares<\/p>\n<p>A pensar nos animais de estima\u00e7\u00e3o, o arranhador para gatos apresenta um pre\u00e7o bastante competitivo de 22,95 \u20ac, tornando-se uma excelente op\u00e7\u00e3o para quem procura um presente \u00fatil para o seu companheiro felino. Paralelamente, os ambientadores para autom\u00f3vel Little Joe, agora a 1,99 \u20ac, surgem como uma pequena prenda pr\u00e1tica e econ\u00f3mica. Por fim, para completar a ilumina\u00e7\u00e3o natal\u00edcia, surgem as luzes LED com 100 l\u00e2mpadas, dispon\u00edveis a 2,99 \u20ac.<\/p>\n<p>\n        About The Author<\/p>\n<p>                <a href=\"https:\/\/www.magazine-hd.com\/apps\/wp\/author\/dpassos\/\" rel=\"nofollow noopener\" target=\"_blank\"><img loading=\"lazy\" decoding=\"async\" width=\"150\" height=\"150\" src=\"data:image\/svg+xml,%3Csvg%20xmlns=\" http:=\"\" class=\"avatar avatar-150 photo\" alt=\"\" data-lazy- data-lazy- data-lazy-src=\"https:\/\/www.europesays.com\/pt\/wp-content\/uploads\/2025\/10\/dp-150x150.jpg\"\/><\/a><\/p>\n<p>                    <a href=\"https:\/\/www.magazine-hd.com\/apps\/wp\/author\/dpassos\/\" rel=\"nofollow noopener\" target=\"_blank\">David Passos<\/a><\/p>\n<p>Licenciado em Antropologia, Mestre em Gest\u00e3o da Cultural pelo ISCTE-IUL, e P\u00f3s-graduado em Estudos Visuais: Fotografia e P\u00f3s-Cinema na FCSH. \u00c9 fot\u00f3grafo e cineasta, tendo estreado a sua segunda curta-metragem, \u201cTraz Chuva\u201d, no Cinema S\u00e3o Jorge, em Lisboa. Faz parte da MHD desde 2022, sendo atualmente redator e Coordenador de M\u00fasica. Tem interesse numa grande variedade de assuntos, desde m\u00fasica, a gaming, cinema, literatura e televis\u00e3o. Especialista em LEGO e Senhor dos An\u00e9is.<\/p>\n<p>\t\t<\/p>\n","protected":false},"excerpt":{"rendered":"A \u00e9poca natal\u00edcia aproxima-se rapidamente e a Action volta a destacar-se pelas promo\u00e7\u00f5es semanais recheadas de oportunidades. Com&hellip;\n","protected":false},"author":2,"featured_media":20672,"comment_status":"","ping_status":"","sticky":false,"template":"","format":"standard","meta":{"footnotes":""},"categories":[85],"tags":[7575,1875,2402,114,115,17938,7561,32,2406,33],"class_list":{"0":"post-156363","1":"post","2":"type-post","3":"status-publish","4":"format-standard","5":"has-post-thumbnail","7":"category-entretenimento","8":"tag-action","9":"tag-decoracao","10":"tag-descontos","11":"tag-entertainment","12":"tag-entretenimento","13":"tag-low-cost","14":"tag-natal","15":"tag-portugal","16":"tag-promocao","17":"tag-pt"},"share_on_mastodon":{"url":"https:\/\/pubeurope.com\/@pt\/115570555148214595","error":""},"_links":{"self":[{"href":"https:\/\/www.europesays.com\/pt\/wp-json\/wp\/v2\/posts\/156363","targetHints":{"allow":["GET"]}}],"collection":[{"href":"https:\/\/www.europesays.com\/pt\/wp-json\/wp\/v2\/posts"}],"about":[{"href":"https:\/\/www.europesays.com\/pt\/wp-json\/wp\/v2\/types\/post"}],"author":[{"embeddable":true,"href":"https:\/\/www.europesays.com\/pt\/wp-json\/wp\/v2\/users\/2"}],"replies":[{"embeddable":true,"href":"https:\/\/www.europesays.com\/pt\/wp-json\/wp\/v2\/comments?post=156363"}],"version-history":[{"count":0,"href":"https:\/\/www.europesays.com\/pt\/wp-json\/wp\/v2\/posts\/156363\/revisions"}],"wp:featuredmedia":[{"embeddable":true,"href":"https:\/\/www.europesays.com\/pt\/wp-json\/wp\/v2\/media\/20672"}],"wp:attachment":[{"href":"https:\/\/www.europesays.com\/pt\/wp-json\/wp\/v2\/media?parent=156363"}],"wp:term":[{"taxonomy":"category","embeddable":true,"href":"https:\/\/www.europesays.com\/pt\/wp-json\/wp\/v2\/categories?post=156363"},{"taxonomy":"post_tag","embeddable":true,"href":"https:\/\/www.europesays.com\/pt\/wp-json\/wp\/v2\/tags?post=156363"}],"curies":[{"name":"wp","href":"https:\/\/api.w.org\/{rel}","templated":true}]}}