{"id":156384,"date":"2025-11-18T12:14:10","date_gmt":"2025-11-18T12:14:10","guid":{"rendered":"https:\/\/www.europesays.com\/pt\/156384\/"},"modified":"2025-11-18T12:14:10","modified_gmt":"2025-11-18T12:14:10","slug":"vem-ai-em-a-protegida-isabel-quer-processar-laura-novelas","status":"publish","type":"post","link":"https:\/\/www.europesays.com\/pt\/156384\/","title":{"rendered":"Vem a\u00ed em \u00abA Protegida\u00bb: Isabel quer processar Laura &#8211; Novelas"},"content":{"rendered":"<p>Em \u00abA Protegida\u00bb, um grupo de jornalistas entra por ali e come\u00e7a a chamar por <a href=\"https:\/\/tvi.iol.pt\/novelas\/search?pagina=1&amp;pesquisa=joaquim+horta\" rel=\"nofollow noopener\" target=\"_blank\">\u00d3scar (Joaquim Horta)<\/a>. Os jornalistas insistem em falar com \u00d3scar e come\u00e7am a fazer reportagens em direto do local. <a href=\"https:\/\/tvi.iol.pt\/novelas\/search?pagina=1&amp;pesquisa=alexandra+lencastre\" rel=\"nofollow noopener\" target=\"_blank\">Laura (Alexandra Lencastre)<\/a>\u00a0aparece e certifica-se de que tudo corre como planeado. Os jornalistas conseguem chegar a \u00d3scar e questionam-no sobre as suas verdadeiras inten\u00e7\u00f5es no caso de tr\u00e1fico de droga. \u00d3scar percebe que nem toda a gente est\u00e1 do seu lado. Laura aparece e \u00d3scar fica em choque ao perceber que foi ela que organizou aquilo.<\/p>\n<p><a href=\"https:\/\/tvi.iol.pt\/novelas\/ator\/isabel-nobrega\/67adfe20d34e3f0bae9a67df\" rel=\"nofollow noopener\" target=\"_blank\">Isabel (Sara Barradas<\/a>) percebe que foi Laura que organizou aquilo e Sofia quer process\u00e1-la. Laura diz que por causa deles, teve de vender a empresa que estava h\u00e1 d\u00e9cadas na sua fam\u00edlia, pois sabiam de toda a verdade e foram coniventes com <a href=\"https:\/\/tvi.iol.pt\/novelas\/ator\/jorge-azevedo\/67ac8611d34e3f0bae9a5724\" wbo-id=\"54\" rel=\"nofollow noopener\" target=\"_blank\">Jorge (Paulo Pires<\/a>). \u00d3scar vai atr\u00e1s de Laura, para falarem com mais calma. \u00d3scar acha que <a href=\"https:\/\/tvi.iol.pt\/novelas\/ator\/jose-diogo\/67ac875bd34ef72ee4422589\" wbo-id=\"52\" rel=\"nofollow noopener\" target=\"_blank\">Jos\u00e9 Diogo (Pedro Sousa)<\/a>\u00a0ainda pode ajudar a recuperar a f\u00e1brica, mas Laura diz que agora \u00e9 tarde. Laura tem muita raiva de \u00d3scar e espera que a audi\u00eancia lhe corra muito mal.<\/p>\n<p>Recorde-se que Laura acabou a rela\u00e7\u00e3o com \u00d3scar:<\/p>\n","protected":false},"excerpt":{"rendered":"Em \u00abA Protegida\u00bb, um grupo de jornalistas entra por ali e come\u00e7a a chamar por \u00d3scar (Joaquim Horta).&hellip;\n","protected":false},"author":2,"featured_media":156385,"comment_status":"","ping_status":"","sticky":false,"template":"","format":"standard","meta":{"footnotes":""},"categories":[142],"tags":[168,882,160,166,114,115,157,167,2910,1406,164,885,161,1409,158,165,159,32,33,156,2907,163,151,162],"class_list":{"0":"post-156384","1":"post","2":"type-post","3":"status-publish","4":"format-standard","5":"has-post-thumbnail","7":"category-tv","8":"tag-a-protegida","9":"tag-alexandra-lencastre","10":"tag-ana-guiomar","11":"tag-cristina-ferreira","12":"tag-entertainment","13":"tag-entretenimento","14":"tag-festa-e-festa","15":"tag-ficcao","16":"tag-isabel","17":"tag-joaquim-horta","18":"tag-jose-fidalgo","19":"tag-laura","20":"tag-novelas","21":"tag-oscar","22":"tag-para-sempre","23":"tag-pedro-sousa","24":"tag-pedro-teixeira","25":"tag-portugal","26":"tag-pt","27":"tag-queridos-papas","28":"tag-sara-barradas","29":"tag-tiago-teotonio-pereira","30":"tag-tv","31":"tag-tvi"},"share_on_mastodon":{"url":"https:\/\/pubeurope.com\/@pt\/115570649723585672","error":""},"_links":{"self":[{"href":"https:\/\/www.europesays.com\/pt\/wp-json\/wp\/v2\/posts\/156384","targetHints":{"allow":["GET"]}}],"collection":[{"href":"https:\/\/www.europesays.com\/pt\/wp-json\/wp\/v2\/posts"}],"about":[{"href":"https:\/\/www.europesays.com\/pt\/wp-json\/wp\/v2\/types\/post"}],"author":[{"embeddable":true,"href":"https:\/\/www.europesays.com\/pt\/wp-json\/wp\/v2\/users\/2"}],"replies":[{"embeddable":true,"href":"https:\/\/www.europesays.com\/pt\/wp-json\/wp\/v2\/comments?post=156384"}],"version-history":[{"count":0,"href":"https:\/\/www.europesays.com\/pt\/wp-json\/wp\/v2\/posts\/156384\/revisions"}],"wp:featuredmedia":[{"embeddable":true,"href":"https:\/\/www.europesays.com\/pt\/wp-json\/wp\/v2\/media\/156385"}],"wp:attachment":[{"href":"https:\/\/www.europesays.com\/pt\/wp-json\/wp\/v2\/media?parent=156384"}],"wp:term":[{"taxonomy":"category","embeddable":true,"href":"https:\/\/www.europesays.com\/pt\/wp-json\/wp\/v2\/categories?post=156384"},{"taxonomy":"post_tag","embeddable":true,"href":"https:\/\/www.europesays.com\/pt\/wp-json\/wp\/v2\/tags?post=156384"}],"curies":[{"name":"wp","href":"https:\/\/api.w.org\/{rel}","templated":true}]}}