{"id":156392,"date":"2025-11-18T12:20:10","date_gmt":"2025-11-18T12:20:10","guid":{"rendered":"https:\/\/www.europesays.com\/pt\/156392\/"},"modified":"2025-11-18T12:20:10","modified_gmt":"2025-11-18T12:20:10","slug":"hisense-m2-pro-em-teste-cinema-em-casa-e-onde-der-mais-jeito-critica","status":"publish","type":"post","link":"https:\/\/www.europesays.com\/pt\/156392\/","title":{"rendered":"Hisense M2 Pro em teste: cinema em casa e onde der mais jeito | Cr\u00edtica"},"content":{"rendered":"<p>O mercado dos projectores port\u00e1teis tem vivido uma esp\u00e9cie de segunda juventude. A ideia \u00e9 tentadora: pousar o equipamento onde der mais jeito, lig\u00e1-lo e ter, de imediato, uma imagem digna de uma sala de cinema, mas sem instala\u00e7\u00e3o fixa nem cabos a mais. O Hisense M2 Pro entra precisamente neste cen\u00e1rio e f\u00e1-lo com um argumento dif\u00edcil de ignorar: \u00e9 pequeno, leve e suficientemente competente para tornar qualquer parede numa tela de grandes dimens\u00f5es.<\/p>\n<p>O formato c\u00fabico e discreto n\u00e3o denuncia o que consegue fazer. A lente frontal em destaque e o suporte articulado \u2014 simples, s\u00f3lido e muito pr\u00e1tico \u2014 facilitam o posicionamento, dispensando improvisa\u00e7\u00f5es com livros ou caixas para acertar o \u00e2ngulo. Para quem preferir algo mais permanente, existe ainda a possibilidade de montagem no tecto.<\/p>\n<p>A este conjunto junta-se o que a marca baptizou de AutoMagic AI Adjusting System 2.0, um nome grandiloquente para um sistema de correc\u00e7\u00f5es autom\u00e1ticas que, felizmente, funciona: foco, trap\u00e9zio, detec\u00e7\u00e3o de obst\u00e1culos e at\u00e9 compensa\u00e7\u00e3o de cores quando a parede n\u00e3o \u00e9 branca. Em poucos minutos, o projector est\u00e1 pronto, sem dramas. A mala de transporte inclu\u00edda refor\u00e7a a voca\u00e7\u00e3o port\u00e1til, e o comando retro-iluminado mostra aten\u00e7\u00e3o ao detalhe \u2014 para evitar andar \u00e0s apalpadelas numa sala escura.<\/p>\n<p><strong>A imagem ganha vida (depois dos ajustes certos)<\/strong><\/p>\n<p>O M2 Pro recorre \u00e0 tecnologia Trichroma Laser, com tr\u00eas lasers dedicados \u00e0s componentes prim\u00e1rias, o que lhe garante cores mais vivas e uma longevidade que deve ultrapassar largamente a d\u00e9cada de utiliza\u00e7\u00e3o moderada.<\/p>\n<p>                &#13;<br \/>\n                    &#13;<br \/>\n                    &#13;<br \/>\n                        Consideramos que o design minimalista est\u00e1 bem conseguido. A base de suporte facilita o acerto do \u00e2ngulo da projec\u00e7\u00e3o &#13;<br \/>\nDR                    &#13;<\/p>\n<p>A cobertura de gama de cores \u00e9 ambiciosa e o brilho, anunciado como 1300 lumens ANSI, basta para salas escuras ou ambientes controlados, embora n\u00e3o ven\u00e7a a claridade de uma tarde soalheira. N\u00e3o \u00e9 um projector 4K nativo \u2014 seria imposs\u00edvel a este pre\u00e7o \u2014 e apoia-se no habitual m\u00e9todo de pixel shifting, onde um chip de 1080p vibra de forma ultra-r\u00e1pida para projectar os 8,3 milh\u00f5es de p\u00edxeis do 4K. \u00c9 uma t\u00e9cnica comum e o resultado \u00e9 muito superior ao 1080p. O resultado \u00e9 suficientemente n\u00edtido para conte\u00fados de alta-defini\u00e7\u00e3o, refor\u00e7ado por um zoom \u00f3ptico de 1,3x que evita perdas de qualidade.<\/p>\n<p>Um dos trunfos do M2 Pro \u00e9 o suporte para todos os formatos HDR (grande intervalo din\u00e2mico) relevantes, incluindo Dolby Vision, ainda raro nesta gama. \u00c9 aqui que o projector surpreende quem est\u00e1 habituado a equipamentos compactos mais b\u00e1sicos.<\/p>\n<p>A imagem, contudo, precisa de algum afinamento inicial. Os modos de f\u00e1brica exageram nas cores e d\u00e3o ao movimento um aspecto artificial. A solu\u00e7\u00e3o passa por seleccionar o modo de cineasta e o perfil Warm 2 \u2014 dois passos que transformam o que vemos no ecr\u00e3. Com estes ajustes, o projector oferece uma imagem equilibrada, com tons de pele naturais e uma abordagem sensata \u00e0s cenas escuras. N\u00e3o tenta disfar\u00e7ar limita\u00e7\u00f5es com contrastes artificiais; assume-as e preserva o detalhe poss\u00edvel.<\/p>\n<p>H\u00e1, naturalmente, perda de nuances quando comparado com modelos de gama alta, mas nada que prejudique a experi\u00eancia. O efeito arco-\u00edris, t\u00edpico de projectores DLP, quase n\u00e3o se manifestou nos nossos testes, embora haja utilizadores que dizem notar o fen\u00f3meno com frequ\u00eancia \u2014 um ponto a considerar para quem for sens\u00edvel a este artefacto.<\/p>\n<p><strong>Compromissos? Sim, mas aceit\u00e1veis<\/strong><\/p>\n<p>Para atingir este n\u00edvel de portabilidade e pre\u00e7o, houve compromissos. O sistema de som interno cumpre o b\u00e1sico, mas n\u00e3o acompanha a dimens\u00e3o da imagem que o projector \u00e9 capaz de criar. Serve para not\u00edcias ou s\u00e9ries ligeiras; para cinema ou ac\u00e7\u00e3o, uma barra de som \u00e9 praticamente obrigat\u00f3ria. Outro limite est\u00e1 nas liga\u00e7\u00f5es: apenas uma porta HDMI 2.1. Entre consolas e boxes de streaming (Apple TV, por exemplo), ser\u00e1 necess\u00e1rio escolher, ou andar a trocar cabos. E apesar de a porta suportar baixa lat\u00eancia autom\u00e1tica, n\u00e3o permite 4K a 120 Hz, deixando os jogadores mais exigentes de fora.<\/p>\n<p><strong>Veredicto<\/strong><\/p>\n<p>O M2 Pro n\u00e3o tenta ser tudo para todos. A Hisense investiu no essencial \u2014 imagem, facilidade de utiliza\u00e7\u00e3o e versatilidade \u2014 e sacrificou o que a maioria dos utilizadores acabar\u00e1 por complementar com outros equipamentos. \u00c9 uma solu\u00e7\u00e3o que brilha em ambientes dom\u00e9sticos descontra\u00eddos, para sess\u00f5es de cinema improvisadas na sala, no quarto ou at\u00e9 no jardim numa noite de Ver\u00e3o.<\/p>\n<p>Quem deve evitar este projector? Jogadores que exijam 120 Hz em 4K, utilizadores que precisem de m\u00faltiplas entradas HDMI ou quem queira negros perfeitos e desempenho ao n\u00edvel dos modelos premium. Para todos os outros, especialmente para quem valoriza a portabilidade e quer uma imagem generosa sem grandes complica\u00e7\u00f5es, o Hisense M2 Pro posiciona-se como uma das propostas mais equilibradas e tentadoras na sua faixa de pre\u00e7o.<\/p>\n<p>        &#13;<\/p>\n<p><strong>Tipo<\/strong><br \/>&#13;<br \/>\nProjector de v\u00eddeo port\u00e1til<br \/>&#13;<br \/>\n<strong>Tecnologia de projec\u00e7\u00e3o<\/strong><br \/>&#13;<br \/>\nDLP, chip DMD 0,47&#8243;<br \/>&#13;<br \/>\n<strong>Ecr\u00e3<\/strong><br \/>&#13;<br \/>\nResolu\u00e7\u00e3o: 3840&#215;2160 p\u00edxeis (4K)<br \/>&#13;<br \/>\nTamanho de imagem: 65&#8243; a 200&#8243;<br \/>&#13;<br \/>\nRela\u00e7\u00e3o de projec\u00e7\u00e3o: 1.0-1.3:1<br \/>&#13;<br \/>\nPropor\u00e7\u00e3o: 16:9<br \/>&#13;<br \/>\n<strong>Fonte de luz<\/strong><br \/>&#13;<br \/>\nLaser RGB (laser triplo)<br \/>&#13;<br \/>\nVida \u00fatil: at\u00e9 25 000 horas<br \/>&#13;<br \/>\n<strong>Imagem<\/strong><br \/>&#13;<br \/>\nBrilho: cerca de 1300 ANSI lumens<br \/>&#13;<br \/>\nContraste: 1000:1<br \/>&#13;<br \/>\nGama de cores \/ HDR: 110% BT.2020,<br \/>&#13;<br \/>\nCompat\u00edvel com Dolby Vision, HDR10 e HLG<br \/>&#13;<br \/>\nUpscaling 4K com IA<br \/>&#13;<br \/>\nMEMC \/ Motion Compensation<br \/>&#13;<br \/>\nAjustes autom\u00e1ticos: foco, keystone, enquadramento, evitamento de obst\u00e1culos<br \/>&#13;<br \/>\nAdapta\u00e7\u00e3o de imagem \u00e0 cor da parede<br \/>&#13;<br \/>\n<strong>\u00c1udio<\/strong><br \/>&#13;<br \/>\nAltifalantes integrados: 2&#215;10 W (20 W)<br \/>&#13;<br \/>\nCompat\u00edvel com Dolby Audio e DTS Virtual:X<br \/>&#13;<br \/>\n<strong>Sistema operativo<\/strong><br \/>&#13;<br \/>\nVIDAA OS<br \/>&#13;<br \/>\n<strong>Conectividade<\/strong><br \/>&#13;<br \/>\nHDMI 2.1<br \/>&#13;<br \/>\nUSB 3.0<br \/>&#13;<br \/>\nWi-Fi (a\/b\/g\/n\/ac)<br \/>&#13;<br \/>\nBluetooth 5.0<br \/>&#13;<br \/>\nAirPlay 2 e Miracast<br \/>&#13;<br \/>\n<strong>Dimens\u00f5es e peso<\/strong><br \/>&#13;<br \/>\n23x19x22 cm, cerca de 3,9 kg<br \/>&#13;<br \/>\n<strong>Consumo energ\u00e9tico<\/strong><br \/>&#13;<br \/>\nAt\u00e9 100 W<br \/>&#13;<br \/>\n<strong>Ru\u00eddo<\/strong><br \/>&#13;<br \/>\nFuncionamento at\u00e9 24 dB<br \/>&#13;<br \/>\n<strong>Pre\u00e7o<\/strong><br \/>&#13;<br \/>\n1299 euros<\/p>\n<p>\u00a0<\/p>\n<p>            &#13;<\/p>\n","protected":false},"excerpt":{"rendered":"O mercado dos projectores port\u00e1teis tem vivido uma esp\u00e9cie de segunda juventude. A ideia \u00e9 tentadora: pousar o&hellip;\n","protected":false},"author":2,"featured_media":156393,"comment_status":"","ping_status":"","sticky":false,"template":"","format":"standard","meta":{"footnotes":""},"categories":[84],"tags":[109,107,108,955,246,18904,32,33600,33,105,103,104,106,110,4146],"class_list":{"0":"post-156392","1":"post","2":"type-post","3":"status-publish","4":"format-standard","5":"has-post-thumbnail","7":"category-ciencia-e-tecnologia","8":"tag-ciencia","9":"tag-ciencia-e-tecnologia","10":"tag-cienciaetecnologia","11":"tag-critica","12":"tag-enter","13":"tag-hisense","14":"tag-portugal","15":"tag-projector","16":"tag-pt","17":"tag-science","18":"tag-science-and-technology","19":"tag-scienceandtechnology","20":"tag-technology","21":"tag-tecnologia","22":"tag-teste"},"share_on_mastodon":{"url":"https:\/\/pubeurope.com\/@pt\/115570673138926286","error":""},"_links":{"self":[{"href":"https:\/\/www.europesays.com\/pt\/wp-json\/wp\/v2\/posts\/156392","targetHints":{"allow":["GET"]}}],"collection":[{"href":"https:\/\/www.europesays.com\/pt\/wp-json\/wp\/v2\/posts"}],"about":[{"href":"https:\/\/www.europesays.com\/pt\/wp-json\/wp\/v2\/types\/post"}],"author":[{"embeddable":true,"href":"https:\/\/www.europesays.com\/pt\/wp-json\/wp\/v2\/users\/2"}],"replies":[{"embeddable":true,"href":"https:\/\/www.europesays.com\/pt\/wp-json\/wp\/v2\/comments?post=156392"}],"version-history":[{"count":0,"href":"https:\/\/www.europesays.com\/pt\/wp-json\/wp\/v2\/posts\/156392\/revisions"}],"wp:featuredmedia":[{"embeddable":true,"href":"https:\/\/www.europesays.com\/pt\/wp-json\/wp\/v2\/media\/156393"}],"wp:attachment":[{"href":"https:\/\/www.europesays.com\/pt\/wp-json\/wp\/v2\/media?parent=156392"}],"wp:term":[{"taxonomy":"category","embeddable":true,"href":"https:\/\/www.europesays.com\/pt\/wp-json\/wp\/v2\/categories?post=156392"},{"taxonomy":"post_tag","embeddable":true,"href":"https:\/\/www.europesays.com\/pt\/wp-json\/wp\/v2\/tags?post=156392"}],"curies":[{"name":"wp","href":"https:\/\/api.w.org\/{rel}","templated":true}]}}