{"id":156394,"date":"2025-11-18T12:22:06","date_gmt":"2025-11-18T12:22:06","guid":{"rendered":"https:\/\/www.europesays.com\/pt\/156394\/"},"modified":"2025-11-18T12:22:06","modified_gmt":"2025-11-18T12:22:06","slug":"plano-de-trump-para-gaza-recebe-apoio-do-conselho-de-seguranca-da-onu","status":"publish","type":"post","link":"https:\/\/www.europesays.com\/pt\/156394\/","title":{"rendered":"Plano de Trump para Gaza recebe apoio do Conselho de Seguran\u00e7a da ONU"},"content":{"rendered":"<p>                O Conselho de Seguran\u00e7a da ONU votou a favor de uma resolu\u00e7\u00e3o elaborada pelos EUA que endossa o plano de 20 pontos do presidente norte-americano, Donald Trump, para Gaza.O plano inclui o estabelecimento de uma For\u00e7a &#13;<br \/>\nInternacional de Estabiliza\u00e7\u00e3o, para a qual, segundo os EUA, v\u00e1rios &#13;<br \/>\npa\u00edses n\u00e3o identificados se ofereceram para contribuir.<\/p>\n<p><b>A ado\u00e7\u00e3o da resolu\u00e7\u00e3o foi um &#8220;passo importante na consolida\u00e7\u00e3o do cessar-fogo&#8221;, afirmou um porta-voz do secret\u00e1rio-geral da ONU, Ant\u00f3nio Guterres.<\/b> O Hamas rejeitou a resolu\u00e7\u00e3o, alegando que n\u00e3o vai ao encontro dos direitos e das exig\u00eancias dos palestinianos.<\/p>\n<p>J\u00e1 o <b>Hamas<\/b> escreveu no Telegram, ap\u00f3s a aprova\u00e7\u00e3o da resolu\u00e7\u00e3o, que o<b> plano &#8220;imp\u00f5e um mecanismo de tutela internacional \u00e0 Faixa de Gaza, que o nosso povo e as suas fa\u00e7\u00f5es rejeitam&#8221;.<\/b><\/p>\n<p>&#8220;Atribuir tarefas e fun\u00e7\u00f5es \u00e0 for\u00e7a internacional dentro da Faixa de Gaza, incluindo o desarmamento da resist\u00eancia, retira-lhe a neutralidade e transforma-a numa parte do conflito a favor da ocupa\u00e7\u00e3o&#8221;, acrescentou o Hamas.<\/p>\n<p>&#13;<br \/>\nDe acordo com a resolu\u00e7\u00e3o, as <b>For\u00e7as de Seguran\u00e7a Israelitas (FSI) trabalhar\u00e3o com Israel e o Egito, juntamente com uma for\u00e7a policial palestiniana rec\u00e9m-formada e selecionada, para ajudar a garantir a seguran\u00e7a das zonas fronteiri\u00e7as<\/b> e assegurar o processo de desarmamento permanente de grupos armados n\u00e3o estatais, incluindo o Hamas.&#13;\n<\/p>\n<p>&#13;<br \/>\n<b>Mike Waltz, embaixador dos EUA na ONU, disse ao Conselho que as FSI teriam a &#8220;tarefa de garantir a seguran\u00e7a da \u00e1rea, apoiar a desmilitariza\u00e7\u00e3o de Gaza, desmantelar as infraestruturas terroristas, remover armas e garantir a seguran\u00e7a dos civis palestinianos&#8221;.&#13;<br \/>\n<\/b>&#13;\n<\/p>\n<p><b><br \/>&#13;<br \/>\n<\/b>O Conselho de Seguran\u00e7a aprovou tamb\u00e9m a cria\u00e7\u00e3o de um \u00f3rg\u00e3o de governa\u00e7\u00e3o transit\u00f3ria denominado Conselho da Paz (CP), que supervisionar\u00e1 a governa\u00e7\u00e3o de um comit\u00e9 palestiniano tecnocr\u00e1tico e apol\u00edtico e supervisionar\u00e1 a reconstru\u00e7\u00e3o de Gaza e a distribui\u00e7\u00e3o de ajuda humanit\u00e1ria. O Conselho de Paz &#8211; que seria liderado pelo &#13;<br \/>\npresidente Donald Trump, de acordo com o plano de paz de 20 pontos &#13;<br \/>\napresentado por Washington &#8211; serviria como uma administra\u00e7\u00e3o externa &#13;<br \/>\nsobre o enclave palestiniano. <\/p>\n<p><b>O texto autoriza a For\u00e7a Internacional de Estabiliza\u00e7\u00e3o e o Conselho de Paz a vigorarem at\u00e9 31 de dezembro de 2027, \u201csujeito a novas delibera\u00e7\u00f5es do Conselho de Seguran\u00e7a\u201d. <\/b><\/p>\n<p>O financiamento para a reconstru\u00e7\u00e3o de Gaza, ap\u00f3s dois anos de guerra, viria de um fundo fiduci\u00e1rio apoiado pelo Banco Mundial, de acordo com a resolu\u00e7\u00e3o.<\/p>\n<p>De acordo com a resolu\u00e7\u00e3o, tanto a For\u00e7a de Internacional de Estabiliza\u00e7\u00e3o como o Conselho de Paz trabalhariam em conjunto com um comit\u00e9 palestiniano e uma for\u00e7a policial.<\/p>\n<p><b>No texto revisto, os Estados Unidos afirmaram que, ap\u00f3s a Autoridade Palestina &#8211; que agora governa partes da Cisjord\u00e2nia &#8211; implementar reformas e ap\u00f3s o avan\u00e7o da reconstru\u00e7\u00e3o da devastada Faixa de Gaza, &#8220;as condi\u00e7\u00f5es poder\u00e3o finalmente estar reunidas para um caminho vi\u00e1vel rumo \u00e0 autodetermina\u00e7\u00e3o e \u00e0 forma\u00e7\u00e3o de um Estado palestiniano&#8221;.<\/b>A fase inicial do plano \u2014 um cessar-fogo entre &#13;<br \/>\nIsrael e o Hamas e a entrega de ref\u00e9ns e detidos \u2014 entrou em vigor a 10 &#13;<br \/>\nde outubro. Mike Waltz, embaixador dos EUA na ONU, descreveu-a como um &#13;<br \/>\n&#8220;primeiro passo fr\u00e1gil, muito fr\u00e1gil&#8221;.<\/p>\n<p>&#8220;Adotar esta resolu\u00e7\u00e3o hoje provar\u00e1 que as Na\u00e7\u00f5es Unidas podem ainda ser um farol e n\u00e3o apenas um espetador. Os olhos da hist\u00f3ria e da humanidade est\u00e3o sobre n\u00f3s, aqui e agora. Um voto contra esta resolu\u00e7\u00e3o \u00e9 um voto para regressar \u00e0 guerra. <b>O tempo n\u00e3o est\u00e1 a nosso favor. Este n\u00e3o \u00e9 o momento para debates intermin\u00e1veis e manobras jur\u00eddicas. O rel\u00f3gio est\u00e1 a correr como uma bomba-rel\u00f3gio&#8221;<\/b>, real\u00e7ou o embaixador norte-americano na ONU, Mike Waltz, ainda antes da vota\u00e7\u00e3o.<\/p>\n<p>J\u00e1 depois da vota\u00e7\u00e3o ser aprovada, Waltz considerou a resolu\u00e7\u00e3o como &#8220;hist\u00f3rica e construtiva&#8221;. <\/p>\n<p>          <img decoding=\"async\" itemprop=\"image\" class=\"img-fluid\"   src=\"https:\/\/www.europesays.com\/pt\/wp-content\/uploads\/2025\/11\/aee8c4db021d22181f59eacd30b2ee09_N.jpg\"\/><\/p>\n<p>\n&#8220;A resolu\u00e7\u00e3o de hoje representa mais um passo significativo para uma Gaza est\u00e1vel e pr\u00f3spera, e para um ambiente que permita a Israel viver em seguran\u00e7a. O Conselho de Paz, que ser\u00e1 liderado pelo presidente Trump, continua a ser a pedra basilar do nosso esfor\u00e7o&#8221;, celebrou o diplomata norte-americano.<\/p>\n<p>O plano de paz de Trump, na pr\u00e1tica, suspendeu os combates entre Israel e o Hamas que se intensificavam desde o ataque de homens armados liderados pelo Hamas a Israel, a 7 de outubro de 2023. Cerca de 1.200 pessoas foram mortas e 251 feitas ref\u00e9ns nesse ataqueSolu\u00e7\u00e3o de dois Estados <br \/>&#13;<br \/>\nAo contr\u00e1rio das vers\u00f5es anteriores, <b>a resolu\u00e7\u00e3o faz refer\u00eancia a um caminho cred\u00edvel para a autodetermina\u00e7\u00e3o e a cria\u00e7\u00e3o de um Estado palestiniano.<\/b> Uma solu\u00e7\u00e3o defendida por v\u00e1rios membros do Conselho.Israel op\u00f5e-se veementemente \u00e0 cria\u00e7\u00e3o de um Estado palestiniano \u2013 um &#13;<br \/>\nobst\u00e1culo significativo no caminho para a futura forma\u00e7\u00e3o de um Estado. &#13;<br \/>\nOs principais Estados \u00e1rabes pressionaram os redatores da resolu\u00e7\u00e3o para&#13;<br \/>\nque inclu\u00edssem a autodetermina\u00e7\u00e3o palestiniana no texto.<br \/>&#13;<br \/>\n<b><br \/>&#13;<br \/>\nO porta-voz do secret\u00e1rio-geral da ONU sublinhou que a resolu\u00e7\u00e3o precisava de &#8220;se traduzir em medidas concretas e urgentemente necess\u00e1rias no terreno&#8221; e conduzir a &#8220;um processo pol\u00edtico para a concretiza\u00e7\u00e3o da solu\u00e7\u00e3o de dois Estados&#8221;.<\/b><\/p>\n<p>Os Estados Unidos, a Autoridade Palestiniana e diversas na\u00e7\u00f5es \u00e1rabes e de maioria mu\u00e7ulmana, incluindo o Egipto, a Ar\u00e1bia Saudita e a Turquia, apelaram \u00e0 r\u00e1pida ado\u00e7\u00e3o da resolu\u00e7\u00e3o.<\/p>\n<p><b>A Autoridade Palestiniana (AP) afirmou, em comunicado, que os termos da resolu\u00e7\u00e3o precisavam de ser implementados &#8220;com urg\u00eancia e imediatamente&#8221;.<\/b><\/p>\n<p>A R\u00fassia e a China n\u00e3o exerceram os seus poderes de veto, abstendo-se de permitir a aprova\u00e7\u00e3o da resolu\u00e7\u00e3o, em grande parte porque a Autoridade Palestiniana e outras oito na\u00e7\u00f5es \u00e1rabes e mu\u00e7ulmanas a apoiaram.<br \/>&#13;<br \/>\n<b><br \/>&#13;<br \/>\nTanto Moscovo como Pequim criticaram a resolu\u00e7\u00e3o.<\/b> Afirmaram que havia pouca clareza quanto \u00e0 composi\u00e7\u00e3o dos principais mecanismos, que n\u00e3o garantia a participa\u00e7\u00e3o da ONU e que n\u00e3o reiterava explicitamente um compromisso firme com a solu\u00e7\u00e3o de dois Estados.<\/p>\n<p>Mais de 69.483 palestinianos foram mortos por a\u00e7\u00f5es militares israelitas em Gaza desde ent\u00e3o, segundo o Minist\u00e9rio da Sa\u00fade controlado pelo Hamas\u201cMais paz no mundo\u201d. Trump vai presidir ao Conselho de Paz<br \/>&#13;<br \/>\nDonald Trump celebrou a ado\u00e7\u00e3o, pelo Conselho de Seguran\u00e7a da ONU, que, segundo o presidente norte-americano levar\u00e1 a &#8220;mais paz no mundo&#8221;.<\/p>\n<p>&#8220;<b>Parab\u00e9ns ao mundo pela incr\u00edvel vota\u00e7\u00e3o do Conselho de Seguran\u00e7a das Na\u00e7\u00f5es Unidas,<\/b> realizada h\u00e1 instantes, que reconheceu e aprovou o <b>Conselho de Paz, que ser\u00e1 presidido por mim e incluir\u00e1 os l\u00edderes mais poderosos e respeitados do mundo<\/b>&#8220;, escreveu Trump na sua rede social, a Truth Social.<\/p>\n<p>&#13;<br \/>\n&#8220;Este ser\u00e1 um dos apoios mais importantes da hist\u00f3ria das Na\u00e7\u00f5es Unidas&#8221;, acrescentou o presidente norte-americano, agradecendo aos membros do Conselho de Seguran\u00e7a, incluindo a R\u00fassia e a China, que se abstiveram.&#13;\n<\/p>\n<p>&#13;<br \/>\nc\/ ag\u00eancias\u00a0&#13;<br \/>\n&#13;<\/p>\n","protected":false},"excerpt":{"rendered":"O Conselho de Seguran\u00e7a da ONU votou a favor de uma resolu\u00e7\u00e3o elaborada pelos EUA que endossa o&hellip;\n","protected":false},"author":2,"featured_media":156395,"comment_status":"","ping_status":"","sticky":false,"template":"","format":"standard","meta":{"footnotes":""},"categories":[50],"tags":[33601,27,28,256,32900,92,257,15,16,255,14,259,25,26,21,22,62,12,13,19,20,23,24,17,18,29,30,31,63,64,65],"class_list":{"0":"post-156394","1":"post","2":"type-post","3":"status-publish","4":"format-standard","5":"has-post-thumbnail","7":"category-mundo","8":"tag-aprovacao","9":"tag-breaking-news","10":"tag-breakingnews","11":"tag-cessar-fogo","12":"tag-conselho-de-seguranca-da-onu","13":"tag-donald-trump","14":"tag-faixa-de-gaza","15":"tag-featured-news","16":"tag-featurednews","17":"tag-hamas","18":"tag-headlines","19":"tag-israel","20":"tag-latest-news","21":"tag-latestnews","22":"tag-main-news","23":"tag-mainnews","24":"tag-mundo","25":"tag-news","26":"tag-noticias","27":"tag-noticias-principais","28":"tag-noticiasprincipais","29":"tag-principais-noticias","30":"tag-principaisnoticias","31":"tag-top-stories","32":"tag-topstories","33":"tag-ultimas","34":"tag-ultimas-noticias","35":"tag-ultimasnoticias","36":"tag-world","37":"tag-world-news","38":"tag-worldnews"},"share_on_mastodon":{"url":"https:\/\/pubeurope.com\/@pt\/115570681478211822","error":""},"_links":{"self":[{"href":"https:\/\/www.europesays.com\/pt\/wp-json\/wp\/v2\/posts\/156394","targetHints":{"allow":["GET"]}}],"collection":[{"href":"https:\/\/www.europesays.com\/pt\/wp-json\/wp\/v2\/posts"}],"about":[{"href":"https:\/\/www.europesays.com\/pt\/wp-json\/wp\/v2\/types\/post"}],"author":[{"embeddable":true,"href":"https:\/\/www.europesays.com\/pt\/wp-json\/wp\/v2\/users\/2"}],"replies":[{"embeddable":true,"href":"https:\/\/www.europesays.com\/pt\/wp-json\/wp\/v2\/comments?post=156394"}],"version-history":[{"count":0,"href":"https:\/\/www.europesays.com\/pt\/wp-json\/wp\/v2\/posts\/156394\/revisions"}],"wp:featuredmedia":[{"embeddable":true,"href":"https:\/\/www.europesays.com\/pt\/wp-json\/wp\/v2\/media\/156395"}],"wp:attachment":[{"href":"https:\/\/www.europesays.com\/pt\/wp-json\/wp\/v2\/media?parent=156394"}],"wp:term":[{"taxonomy":"category","embeddable":true,"href":"https:\/\/www.europesays.com\/pt\/wp-json\/wp\/v2\/categories?post=156394"},{"taxonomy":"post_tag","embeddable":true,"href":"https:\/\/www.europesays.com\/pt\/wp-json\/wp\/v2\/tags?post=156394"}],"curies":[{"name":"wp","href":"https:\/\/api.w.org\/{rel}","templated":true}]}}