{"id":15640,"date":"2025-08-04T14:22:16","date_gmt":"2025-08-04T14:22:16","guid":{"rendered":"https:\/\/www.europesays.com\/pt\/15640\/"},"modified":"2025-08-04T14:22:16","modified_gmt":"2025-08-04T14:22:16","slug":"pedro-costa-fora-da-lista-do-ps-para-lisboa-observador","status":"publish","type":"post","link":"https:\/\/www.europesays.com\/pt\/15640\/","title":{"rendered":"Pedro Costa fora da lista do PS para Lisboa \u2013 Observador"},"content":{"rendered":"<p>Alexandra Leit\u00e3o n\u00e3o convidou Pedro Costa para fazer parte da equipa com que vai encarar a corrida \u00e0 C\u00e2mara Municipal de Lisboa. Apesar da <strong><a href=\"https:\/\/observador.pt\/especiais\/pedro-costa-estou-disponivel-para-ser-candidato-a-vereador-em-lisboa\/\" rel=\"nofollow noopener\" target=\"_blank\">disponibilidade manifestada pelo pr\u00f3prio<\/a><\/strong> para ser candidato a vereador, e mesmo tendo sido indicado pela concelhia do partido para integrar a lista, a socialista acabou por preterir o antigo presidente da Junta de Freguesia de Campo de Ourique.<\/p>\n<p>Recorde-se que, em entrevista ao Observador, em agosto de 2024, Pedro Costa <strong>assumiu<\/strong> abertamente estar dispon\u00edvel para ser candidato a vereador. Ao longo dos \u00faltimos meses, no entanto, Alexandra Leit\u00e3o acabou por <strong>nunca<\/strong> o contactar para esse efeito. Esta segunda-feira, vai ser aprovada a lista de candidatos \u00e0 autarquia e Pedro Costa acabou mesmo por ficar fora das escolhas de Leit\u00e3o. Ao Observador, o pr\u00f3prio confirma esse desfecho, garantindo, todavia, n\u00e3o ter ficado com qualquer amargo de boca.<\/p>\n<p>\u201cAs vontades individuais s\u00f3 fazem sentido quando colocadas ao servi\u00e7o do coletivo. Compreendo que haja outras escolhas e estou certo que o PS ter\u00e1 uma lista melhor do que o PSD. Tem na m\u00e3o todas as hip\u00f3teses de ganhar as elei\u00e7\u00f5es. S\u00f3 <strong>depende<\/strong> de si\u201d, sublinha Pedro Costa, no que pode ser entendido como uma manifesta\u00e7\u00e3o de confian\u00e7a em Alexandra Leit\u00e3o, mas tamb\u00e9m um aviso: ser\u00e1 igualmente responsabilizada em caso de derrota.<\/p>\n<p>Alexandra Leit\u00e3o escolheu Pedro Anast\u00e1cio, Carla Madeira e S\u00e9rgio Cintra como candidatos socialistas. Pedro Costa, que tinha sido indicado pela concelhia, acabou riscado. O partido ficou ainda com o direito de indicar o nono e o d\u00e9cimo candidatos, cuja elei\u00e7\u00e3o \u00e9 praticamente imposs\u00edvel. Os restantes nomes ser\u00e3o indicados pelo Livre, Bloco de Esquerda e PAN.<\/p>\n<p>Na j\u00e1 referida entrevista ao Observador, Pedro Costa n\u00e3o escondia o desejo de fazer parte da equipa do PS em Lisboa. \u201cA vida aut\u00e1rquica \u00e9 tamb\u00e9m de rela\u00e7\u00e3o com a sua terra e eu n\u00e3o tenho outra. Tenho Lisboa, \u00e9 o meu s\u00edtio, \u00e9 a minha cidade e, portanto, sinalizei ao rec\u00e9m-eleito presidente da concelhia de Lisboa a minha disponibilidade para ser candidato a vereador. Todos os militantes do PS devem estar dispon\u00edveis para contribuir para uma <strong>grande vit\u00f3ria<\/strong> nesse dia\u201d, afirmava ent\u00e3o.<\/p>\n<p>A n\u00e3o inclus\u00e3o de Pedro Costa, filho de Ant\u00f3nio Costa, est\u00e1 a ser interpretada dentro do PS\/Lisboa como uma forma \u201c<strong>freudiana<\/strong>\u201d de Alexandra Leit\u00e3o cortar com legado do antigo primeiro-ministro e atual presidente do Conselho Europeu \u2014 com quem a socialista n\u00e3o tem a melhor das rela\u00e7\u00f5es. Curiosamente, os dois \u2014 Alexandra Leit\u00e3o e Pedro Costa \u2014 estiveram juntos no apoio a Pedro Nuno Santos. Mas nem isso ter\u00e1 suficiente para que o socialista merecesse a confian\u00e7a da candidata do PS \u00e0 C\u00e2mara Municipal de Lisboa.<\/p>\n<blockquote class=\"wp-embedded-content\" data-secret=\"IPE4eIH7Eu\">\n<p><a href=\"https:\/\/observador.pt\/especiais\/pedro-costa-estou-disponivel-para-ser-candidato-a-vereador-em-lisboa\/\" rel=\"nofollow noopener\" target=\"_blank\">Pedro Costa: \u201cEstou dispon\u00edvel para ser candidato a vereador em Lisboa\u201d<\/a><\/p>\n<\/blockquote>\n","protected":false},"excerpt":{"rendered":"Alexandra Leit\u00e3o n\u00e3o convidou Pedro Costa para fazer parte da equipa com que vai encarar a corrida \u00e0&hellip;\n","protected":false},"author":2,"featured_media":15641,"comment_status":"","ping_status":"","sticky":false,"template":"","format":"standard","meta":{"footnotes":""},"categories":[10],"tags":[27,28,6171,15,16,14,25,26,797,21,22,12,13,19,20,57,302,32,23,24,455,33,58,17,18,29,30,31],"class_list":{"0":"post-15640","1":"post","2":"type-post","3":"status-publish","4":"format-standard","5":"has-post-thumbnail","7":"category-portugal","8":"tag-breaking-news","9":"tag-breakingnews","10":"tag-cu00e2mara-municipal-lisboa","11":"tag-featured-news","12":"tag-featurednews","13":"tag-headlines","14":"tag-latest-news","15":"tag-latestnews","16":"tag-lisboa","17":"tag-main-news","18":"tag-mainnews","19":"tag-news","20":"tag-noticias","21":"tag-noticias-principais","22":"tag-noticiasprincipais","23":"tag-pau00eds","24":"tag-polu00edtica","25":"tag-portugal","26":"tag-principais-noticias","27":"tag-principaisnoticias","28":"tag-ps","29":"tag-pt","30":"tag-sociedade","31":"tag-top-stories","32":"tag-topstories","33":"tag-ultimas","34":"tag-ultimas-noticias","35":"tag-ultimasnoticias"},"share_on_mastodon":{"url":"","error":""},"_links":{"self":[{"href":"https:\/\/www.europesays.com\/pt\/wp-json\/wp\/v2\/posts\/15640","targetHints":{"allow":["GET"]}}],"collection":[{"href":"https:\/\/www.europesays.com\/pt\/wp-json\/wp\/v2\/posts"}],"about":[{"href":"https:\/\/www.europesays.com\/pt\/wp-json\/wp\/v2\/types\/post"}],"author":[{"embeddable":true,"href":"https:\/\/www.europesays.com\/pt\/wp-json\/wp\/v2\/users\/2"}],"replies":[{"embeddable":true,"href":"https:\/\/www.europesays.com\/pt\/wp-json\/wp\/v2\/comments?post=15640"}],"version-history":[{"count":0,"href":"https:\/\/www.europesays.com\/pt\/wp-json\/wp\/v2\/posts\/15640\/revisions"}],"wp:featuredmedia":[{"embeddable":true,"href":"https:\/\/www.europesays.com\/pt\/wp-json\/wp\/v2\/media\/15641"}],"wp:attachment":[{"href":"https:\/\/www.europesays.com\/pt\/wp-json\/wp\/v2\/media?parent=15640"}],"wp:term":[{"taxonomy":"category","embeddable":true,"href":"https:\/\/www.europesays.com\/pt\/wp-json\/wp\/v2\/categories?post=15640"},{"taxonomy":"post_tag","embeddable":true,"href":"https:\/\/www.europesays.com\/pt\/wp-json\/wp\/v2\/tags?post=15640"}],"curies":[{"name":"wp","href":"https:\/\/api.w.org\/{rel}","templated":true}]}}